{"id":91,"date":"2016-06-06T15:48:33","date_gmt":"2016-06-06T15:48:33","guid":{"rendered":"https:\/\/treenaturaterapias.com\/?p=91"},"modified":"2016-10-25T09:41:27","modified_gmt":"2016-10-25T09:41:27","slug":"conexao-ava-criancas-casos-reais","status":"publish","type":"post","link":"https:\/\/treenaturaterapias.com\/fr\/conexao-ava-criancas-casos-reais\/","title":{"rendered":"Conex\u00e3o AVA Crian\u00e7as &#8211; Casos Reais"},"content":{"rendered":"<p>A <a href=\"https:\/\/treenaturaterapias.com\/conexao-ava-para-criancas\/\">Conex\u00e3o Ava em Crian\u00e7as<\/a> tem tido resultados fant\u00e1sticos e ficam aqui alguns casos reais que fizeram toda a diferen\u00e7a na vida da crian\u00e7a e principalmente nos pais.<\/p>\n<p>A <a href=\"https:\/\/treenaturaterapias.com\/conexao-ava-para-criancas\/\">Conex\u00e3o Ava<\/a> \u00e9 uma terapia energ\u00e9tica bastante r\u00e1pida em crian\u00e7as, podendo a maioria dos casos se resolver apenas com uma sess\u00e3o e como demora apenas 15 min \u00e9 ainda mais f\u00e1cil de fazer numa crian\u00e7a porque n\u00e3o existe satura\u00e7\u00e3o.<\/p>\n<p>&nbsp;<\/p>\n<p>Menina 9 anos<\/p>\n<p>A C. tinha notas baixas para o que deveria ter e tinha a auto \u2013 estima muito em baixo. Achava que n\u00e3o sabia fazer as coisas, embora n\u00e3o fosse isso que a m\u00e3e transmitisse. Tem uma criatividade enorme, mas bloqueada pela mesma falta de confian\u00e7a.\u00a0 Era uma menina que n\u00e3o acreditava nela pr\u00f3pria.<\/p>\n<p>Foram feitas 3 sess\u00f5es de <a href=\"https:\/\/treenaturaterapias.com\/conexao-ava-para-criancas\/\">Conex\u00e3o AVA<\/a> com intervalo de 2 semanas e a C. come\u00e7ou a<\/p>\n<ul>\n<li>melhorar as notas significativamente e coincidiu com o fim do per\u00edodo em que subiu a m\u00e9dia<\/li>\n<li>come\u00e7ou a expandir a sua criatividade atrav\u00e9s de artes manuais, o que aumentou em muito a sua auto estima e confian\u00e7a<\/li>\n<\/ul>\n<p>&nbsp;<\/p>\n<p>Menina 5 anos<\/p>\n<p>A M. tinha imensos ci\u00fames das irm\u00e3s e da av\u00f3, com que tem uma liga\u00e7\u00e3o grande. Tinha tamb\u00e9m muitos pesadelos durante a noite e come\u00e7ou a perder o apetite.<\/p>\n<p>Foram feitas 4 sess\u00f5es de <a href=\"https:\/\/treenaturaterapias.com\/conexao-ava-para-criancas\/\">Conex\u00e3o Ava<\/a> com intervalo de 2 semanas as primeiras 3 e 1 m\u00eas a ultima e a M. come\u00e7ou a<\/p>\n<ul>\n<li>Conseguir lidar melhor com os ci\u00fames em rela\u00e7\u00e3o \u00e1s irm\u00e3s<\/li>\n<li>Os pesadelos come\u00e7aram a ser menos frequentes<\/li>\n<li>Com a ultima sess\u00e3o desapareceu a falta de apetite e a av\u00f3 come\u00e7ou a estar mais presente e percebeu que fazia falta na vida da M., o que fez com que definitivamente desaparecessem os ci\u00fames<\/li>\n<\/ul>\n<p>Menino 8 anos<\/p>\n<p>O B. te uma intelig\u00eancia muito acima da m\u00e9dia, um menino dotado de muitas capacidades, mas com medo de as mostrar. O B. fez um trabalho importante e foi convidado para mostra-lo na Escola e o B. n\u00e3o queria de maneira nenhuma devido \u00e1 vergonha.<\/p>\n<p>Foi feita 1 sess\u00e3o de <a href=\"https:\/\/treenaturaterapias.com\/conexao-ava-para-criancas\/\">Conex\u00e3o Ava<\/a> e o B. come\u00e7ou a assimilar todo o processo de n\u00e3o ter vergonha de apresentar o trabalho, junto com o trabalho da m\u00e3e diariamente de incentivar.<\/p>\n<p>O B. conseguiu apresentar o trabalho e mais uma vez mostrou as suas qualidades.<\/p>\n<p>&nbsp;<\/p>\n<p>Menino 9 anos<\/p>\n<p>O G. estava a ter notas baixas devido a ser bastante irrequieto e a n\u00e3o prestar aten\u00e7\u00e3o nas aulas porque pensa mais em coisas que ele gosta. Esta terapia coincidiu com o final de ano.<\/p>\n<p>Foi feita 1 sess\u00e3o de<a href=\"https:\/\/treenaturaterapias.com\/conexao-ava-para-criancas\/\"> Conex\u00e3o AVA<\/a> e o G. conseguiu estar um pouco mais atento \u00e1s aulas e melhorou um pouco as notas conseguindo assim passar de ano.<\/p>\n<p>&nbsp;<\/p>\n<p>Menina 4 anos<\/p>\n<p>A C. tinha fobias e medos muito grandes. O simples facto de ouvir uma porta abrir, ou ver moscas a voar ou ver um c\u00e3o ou gato ao longe, era motivo para come\u00e7ar a gritar e tinha de ser tirada de perto para conseguir relaxar. Era uma tortura para os pais porque nunca descansavam em lugar nenhum.<\/p>\n<p>Foi feita 1 sess\u00e3o de <a href=\"https:\/\/treenaturaterapias.com\/conexao-ava-para-criancas\/\">Conex\u00e3o AVA <\/a>e a C. nessa mesma tarde conseguiu estar junto de um c\u00e3o e brincar com ele. \u00a0Os medos e fobias desapareceram e tornaram a C. uma menina ainda mais soci\u00e1vel e sem medo de brincar.<\/p>\n<p>Menino 11 anos<\/p>\n<p>O D. \u00e9 uma crian\u00e7a cristal. Como todas estas crian\u00e7as, s\u00e3o demasiado sensitivas, n\u00e3o suportam injusti\u00e7as, vieram at\u00e9 este plano para mudar as pessoas atrav\u00e9s do Amor, coisa que a nossa sociedade quase n\u00e3o sabe o que \u00e9. Por serem crian\u00e7as muito especiais, s\u00e3o tamb\u00e9m almas j\u00e1 bem avan\u00e7adas, ent\u00e3o n\u00e3o se ajustam \u00e1s brincadeiras normais das crian\u00e7as.<\/p>\n<p>O D. tornou-se uma crian\u00e7a pouco soci\u00e1vel, e s\u00f3 se identificava mais com meninas , por estas serem mais sensitivas. Ainda assim, muito pouco soci\u00e1vel. Os outros meninos n\u00e3o percebem e acabam por gozar e afastar.<\/p>\n<p>N\u00e3o se pode mudar nem deve mudar uma crian\u00e7a destas. Depois de 1 sess\u00e3o de <a href=\"https:\/\/treenaturaterapias.com\/conexao-ava-para-criancas\/\">Conex\u00e3o AVA<\/a>, o D. come\u00e7ou a interagir mais com as pessoas \u00e1 sua volta e come\u00e7ou a conseguir lidar melhor com as suas emo\u00e7\u00f5es sem se sentir t\u00e3o mal ao ponto de se afastar.<\/p>\n<p>Menina 3 anos<\/p>\n<p>A M. desde nascen\u00e7a que nunca dormiu uma noite inteira. Sempre a acordar e com alguns sonhos menos bons.<\/p>\n<p>Foi feita 1 sess\u00e3o de <a href=\"https:\/\/treenaturaterapias.com\/conexao-ava-para-criancas\/\">Conex\u00e3o AVA<\/a> e cada dia que passava a M. acordava um pouco mais tarde. O sono come\u00e7ou a estabilizar.<\/p>\n<p>Menino 2 Anos<\/p>\n<p>O L. desde que o pai foi para fora do pa\u00eds nunca mais voltou a ser o mesmo. As noites come\u00e7aram a ser curtas, criou medos que n\u00e3o tinha e uma sensa\u00e7\u00e3o de perda e abandono grande. Provavelmente de outras vidas, a sensa\u00e7\u00e3o de abandono j\u00e1 o acompanhava e intensificou-se mais.<\/p>\n<p>Muito d\u00f3cil, depois de 1 sess\u00e3o de <a href=\"https:\/\/treenaturaterapias.com\/conexao-ava-para-criancas\/\">Conex\u00e3o AVA<\/a> o L. come\u00e7ou a sossegar mais e a n\u00e3o ter tanto medo do abandono por parte do pai.<\/p>\n<p>&nbsp;<\/p>\n<p>Menino 14 Anos<\/p>\n<p>O P. fez a sua terapia \u00e1 dist\u00e2ncia via Skype em que pretendia tratar as suas emo\u00e7\u00f5es e algumas revoltas internas. Com muitos pesadelos em tempos e medo do escuro, foi trabalhada esta quest\u00e3o tamb\u00e9m associada \u00e1 sua mediunidade e vidas passadas.<\/p>\n<p>Foi feita 1 sess\u00e3o de <a href=\"https:\/\/treenaturaterapias.com\/conexao-ava-para-criancas\/\">Conex\u00e3o AVA<\/a>\u00a0 e o P. come\u00e7ou a sentir-se mais calmo e principalmente a mostrar mais os seus sentimentos.<\/p>\n<p>Menina 8 Anos<\/p>\n<p>A A.M. fez a sua terapia \u00e1 dist\u00e2ncia via Skype em que o caso era o medo de c\u00e3es e gatos sem nunca ter tido nenhuns. Foi tamb\u00e9m trabalhada a sensitividade da A.M.<\/p>\n<p>Depois de uma sess\u00e3o de <a href=\"https:\/\/treenaturaterapias.com\/conexao-ava-para-criancas\/\">Conex\u00e3o AVA<\/a> a A.M. conseguiu estar a alguma dist\u00e2ncia de um c\u00e3o sem ter medo ou come\u00e7ar a correr para fugir. Veio tamb\u00e9m ao de cima toda a sua alegria e tornou-se numa crian\u00e7a mais feliz ainda.<\/p>\n<blockquote class=\"wp-embedded-content\" data-secret=\"g5FvvMHsxm\"><p><a href=\"https:\/\/treenaturaterapias.com\/conexao-ava-para-criancas\/\">Terapia Conex\u00e3o AVA para Crian\u00e7as<\/a><\/p><\/blockquote>\n<p><iframe loading=\"lazy\" class=\"wp-embedded-content\" sandbox=\"allow-scripts\" security=\"restricted\" style=\"position: absolute; visibility: hidden;\" title=\"&#8220;Terapia Conex\u00e3o AVA para Crian\u00e7as&#8221; &#8212; Tree Natura Terapias\" src=\"https:\/\/treenaturaterapias.com\/conexao-ava-para-criancas\/embed\/#?secret=fQkO1FrNZJ#?secret=g5FvvMHsxm\" data-secret=\"g5FvvMHsxm\" width=\"600\" height=\"338\" frameborder=\"0\" marginwidth=\"0\" marginheight=\"0\" scrolling=\"no\"><\/iframe><\/p>\n","protected":false},"excerpt":{"rendered":"<p>A Conex\u00e3o Ava em Crian\u00e7as tem tido resultados fant\u00e1sticos e ficam aqui alguns casos reais que fizeram toda a diferen\u00e7a na vida da crian\u00e7a e principalmente nos pais. A Conex\u00e3o Ava \u00e9 uma terapia energ\u00e9tica bastante r\u00e1pida em crian\u00e7as, podendo a maioria dos casos se resolver apenas com uma sess\u00e3o &hellip; <\/p>\n","protected":false},"author":1,"featured_media":93,"comment_status":"open","ping_status":"open","sticky":false,"template":"","format":"standard","meta":{"_monsterinsights_skip_tracking":false,"_monsterinsights_sitenote_active":false,"_monsterinsights_sitenote_note":"","_monsterinsights_sitenote_category":0,"footnotes":""},"categories":[1],"tags":[],"class_list":["post-91","post","type-post","status-publish","format-standard","has-post-thumbnail","hentry","category-uncategorized"],"yoast_head":"<!-- This site is optimized with the Yoast SEO plugin v27.4 - https:\/\/yoast.com\/product\/yoast-seo-wordpress\/ -->\n<title>Conex\u00e3o AVA Crian\u00e7as - Casos Reais - Tree Natura Terapias<\/title>\n<meta name=\"robots\" content=\"index, follow, max-snippet:-1, max-image-preview:large, max-video-preview:-1\" \/>\n<link rel=\"canonical\" href=\"https:\/\/treenaturaterapias.com\/fr\/conexao-ava-criancas-casos-reais\/\" \/>\n<meta property=\"og:locale\" content=\"fr_FR\" \/>\n<meta property=\"og:locale:alternate\" content=\"en_US\" \/>\n<meta property=\"og:locale:alternate\" content=\"pt_PT\" \/>\n<meta property=\"og:type\" content=\"article\" \/>\n<meta property=\"og:title\" content=\"Conex\u00e3o AVA Crian\u00e7as - Casos Reais - Tree Natura Terapias\" \/>\n<meta property=\"og:description\" content=\"A Conex\u00e3o Ava em Crian\u00e7as tem tido resultados fant\u00e1sticos e ficam aqui alguns casos reais que fizeram toda a diferen\u00e7a na vida da crian\u00e7a e principalmente nos pais. A Conex\u00e3o Ava \u00e9 uma terapia energ\u00e9tica bastante r\u00e1pida em crian\u00e7as, podendo a maioria dos casos se resolver apenas com uma sess\u00e3o &hellip;\" \/>\n<meta property=\"og:url\" content=\"https:\/\/treenaturaterapias.com\/fr\/conexao-ava-criancas-casos-reais\/\" \/>\n<meta property=\"og:site_name\" content=\"Tree Natura Terapias\" \/>\n<meta property=\"article:published_time\" content=\"2016-06-06T15:48:33+00:00\" \/>\n<meta property=\"article:modified_time\" content=\"2016-10-25T09:41:27+00:00\" \/>\n<meta property=\"og:image\" content=\"https:\/\/treenaturaterapias.com\/wp-content\/uploads\/2016\/06\/imagesl.jpg\" \/>\n\t<meta property=\"og:image:width\" content=\"251\" \/>\n\t<meta property=\"og:image:height\" content=\"201\" \/>\n\t<meta property=\"og:image:type\" content=\"image\/jpeg\" \/>\n<meta name=\"author\" content=\"C\u00e9lia de Jesus\" \/>\n<meta name=\"twitter:card\" content=\"summary_large_image\" \/>\n<meta name=\"twitter:label1\" content=\"\u00c9crit par\" \/>\n\t<meta name=\"twitter:data1\" content=\"C\u00e9lia de Jesus\" \/>\n\t<meta name=\"twitter:label2\" content=\"Dur\u00e9e de lecture estim\u00e9e\" \/>\n\t<meta name=\"twitter:data2\" content=\"5 minutes\" \/>\n<script type=\"application\/ld+json\" class=\"yoast-schema-graph\">{\"@context\":\"https:\\\/\\\/schema.org\",\"@graph\":[{\"@type\":\"Article\",\"@id\":\"https:\\\/\\\/treenaturaterapias.com\\\/conexao-ava-criancas-casos-reais\\\/#article\",\"isPartOf\":{\"@id\":\"https:\\\/\\\/treenaturaterapias.com\\\/conexao-ava-criancas-casos-reais\\\/\"},\"author\":{\"name\":\"C\u00e9lia de Jesus\",\"@id\":\"https:\\\/\\\/treenaturaterapias.com\\\/#\\\/schema\\\/person\\\/267944d8880bf51dd22b9803435d65c6\"},\"headline\":\"Conex\u00e3o AVA Crian\u00e7as &#8211; Casos Reais\",\"datePublished\":\"2016-06-06T15:48:33+00:00\",\"dateModified\":\"2016-10-25T09:41:27+00:00\",\"mainEntityOfPage\":{\"@id\":\"https:\\\/\\\/treenaturaterapias.com\\\/conexao-ava-criancas-casos-reais\\\/\"},\"wordCount\":1074,\"commentCount\":0,\"publisher\":{\"@id\":\"https:\\\/\\\/treenaturaterapias.com\\\/#\\\/schema\\\/person\\\/267944d8880bf51dd22b9803435d65c6\"},\"image\":{\"@id\":\"https:\\\/\\\/treenaturaterapias.com\\\/conexao-ava-criancas-casos-reais\\\/#primaryimage\"},\"thumbnailUrl\":\"https:\\\/\\\/treenaturaterapias.com\\\/wp-content\\\/uploads\\\/2016\\\/06\\\/imagesl.jpg\",\"articleSection\":[\"Uncategorized\"],\"inLanguage\":\"fr-FR\",\"potentialAction\":[{\"@type\":\"CommentAction\",\"name\":\"Comment\",\"target\":[\"https:\\\/\\\/treenaturaterapias.com\\\/conexao-ava-criancas-casos-reais\\\/#respond\"]}]},{\"@type\":\"WebPage\",\"@id\":\"https:\\\/\\\/treenaturaterapias.com\\\/conexao-ava-criancas-casos-reais\\\/\",\"url\":\"https:\\\/\\\/treenaturaterapias.com\\\/conexao-ava-criancas-casos-reais\\\/\",\"name\":\"Conex\u00e3o AVA Crian\u00e7as - Casos Reais - Tree Natura Terapias\",\"isPartOf\":{\"@id\":\"https:\\\/\\\/treenaturaterapias.com\\\/#website\"},\"primaryImageOfPage\":{\"@id\":\"https:\\\/\\\/treenaturaterapias.com\\\/conexao-ava-criancas-casos-reais\\\/#primaryimage\"},\"image\":{\"@id\":\"https:\\\/\\\/treenaturaterapias.com\\\/conexao-ava-criancas-casos-reais\\\/#primaryimage\"},\"thumbnailUrl\":\"https:\\\/\\\/treenaturaterapias.com\\\/wp-content\\\/uploads\\\/2016\\\/06\\\/imagesl.jpg\",\"datePublished\":\"2016-06-06T15:48:33+00:00\",\"dateModified\":\"2016-10-25T09:41:27+00:00\",\"breadcrumb\":{\"@id\":\"https:\\\/\\\/treenaturaterapias.com\\\/conexao-ava-criancas-casos-reais\\\/#breadcrumb\"},\"inLanguage\":\"fr-FR\",\"potentialAction\":[{\"@type\":\"ReadAction\",\"target\":[\"https:\\\/\\\/treenaturaterapias.com\\\/conexao-ava-criancas-casos-reais\\\/\"]}]},{\"@type\":\"ImageObject\",\"inLanguage\":\"fr-FR\",\"@id\":\"https:\\\/\\\/treenaturaterapias.com\\\/conexao-ava-criancas-casos-reais\\\/#primaryimage\",\"url\":\"https:\\\/\\\/treenaturaterapias.com\\\/wp-content\\\/uploads\\\/2016\\\/06\\\/imagesl.jpg\",\"contentUrl\":\"https:\\\/\\\/treenaturaterapias.com\\\/wp-content\\\/uploads\\\/2016\\\/06\\\/imagesl.jpg\",\"width\":251,\"height\":201},{\"@type\":\"BreadcrumbList\",\"@id\":\"https:\\\/\\\/treenaturaterapias.com\\\/conexao-ava-criancas-casos-reais\\\/#breadcrumb\",\"itemListElement\":[{\"@type\":\"ListItem\",\"position\":1,\"name\":\"In\u00edcio\",\"item\":\"https:\\\/\\\/treenaturaterapias.com\\\/\"},{\"@type\":\"ListItem\",\"position\":2,\"name\":\"Conex\u00e3o AVA Crian\u00e7as &#8211; Casos Reais\"}]},{\"@type\":\"WebSite\",\"@id\":\"https:\\\/\\\/treenaturaterapias.com\\\/#website\",\"url\":\"https:\\\/\\\/treenaturaterapias.com\\\/\",\"name\":\"Tree Natura Terapias\",\"description\":\"Reconhecendo o Divino que habita em si\",\"publisher\":{\"@id\":\"https:\\\/\\\/treenaturaterapias.com\\\/#\\\/schema\\\/person\\\/267944d8880bf51dd22b9803435d65c6\"},\"potentialAction\":[{\"@type\":\"SearchAction\",\"target\":{\"@type\":\"EntryPoint\",\"urlTemplate\":\"https:\\\/\\\/treenaturaterapias.com\\\/?s={search_term_string}\"},\"query-input\":{\"@type\":\"PropertyValueSpecification\",\"valueRequired\":true,\"valueName\":\"search_term_string\"}}],\"inLanguage\":\"fr-FR\"},{\"@type\":[\"Person\",\"Organization\"],\"@id\":\"https:\\\/\\\/treenaturaterapias.com\\\/#\\\/schema\\\/person\\\/267944d8880bf51dd22b9803435d65c6\",\"name\":\"C\u00e9lia de Jesus\",\"image\":{\"@type\":\"ImageObject\",\"inLanguage\":\"fr-FR\",\"@id\":\"https:\\\/\\\/treenaturaterapias.com\\\/wp-content\\\/uploads\\\/2018\\\/09\\\/cropped-18901839_10154690353442194_1408032629_o.jpg\",\"url\":\"https:\\\/\\\/treenaturaterapias.com\\\/wp-content\\\/uploads\\\/2018\\\/09\\\/cropped-18901839_10154690353442194_1408032629_o.jpg\",\"contentUrl\":\"https:\\\/\\\/treenaturaterapias.com\\\/wp-content\\\/uploads\\\/2018\\\/09\\\/cropped-18901839_10154690353442194_1408032629_o.jpg\",\"width\":512,\"height\":512,\"caption\":\"C\u00e9lia de Jesus\"},\"logo\":{\"@id\":\"https:\\\/\\\/treenaturaterapias.com\\\/wp-content\\\/uploads\\\/2018\\\/09\\\/cropped-18901839_10154690353442194_1408032629_o.jpg\"},\"url\":\"https:\\\/\\\/treenaturaterapias.com\\\/fr\\\/author\\\/pjnogueira\\\/\"}]}<\/script>\n<!-- \/ Yoast SEO plugin. -->","yoast_head_json":{"title":"Conex\u00e3o AVA Crian\u00e7as - Casos Reais - Tree Natura Terapias","robots":{"index":"index","follow":"follow","max-snippet":"max-snippet:-1","max-image-preview":"max-image-preview:large","max-video-preview":"max-video-preview:-1"},"canonical":"https:\/\/treenaturaterapias.com\/fr\/conexao-ava-criancas-casos-reais\/","og_locale":"fr_FR","og_type":"article","og_title":"Conex\u00e3o AVA Crian\u00e7as - Casos Reais - Tree Natura Terapias","og_description":"A Conex\u00e3o Ava em Crian\u00e7as tem tido resultados fant\u00e1sticos e ficam aqui alguns casos reais que fizeram toda a diferen\u00e7a na vida da crian\u00e7a e principalmente nos pais. A Conex\u00e3o Ava \u00e9 uma terapia energ\u00e9tica bastante r\u00e1pida em crian\u00e7as, podendo a maioria dos casos se resolver apenas com uma sess\u00e3o &hellip;","og_url":"https:\/\/treenaturaterapias.com\/fr\/conexao-ava-criancas-casos-reais\/","og_site_name":"Tree Natura Terapias","article_published_time":"2016-06-06T15:48:33+00:00","article_modified_time":"2016-10-25T09:41:27+00:00","og_image":[{"width":251,"height":201,"url":"https:\/\/treenaturaterapias.com\/wp-content\/uploads\/2016\/06\/imagesl.jpg","type":"image\/jpeg"}],"author":"C\u00e9lia de Jesus","twitter_card":"summary_large_image","twitter_misc":{"\u00c9crit par":"C\u00e9lia de Jesus","Dur\u00e9e de lecture estim\u00e9e":"5 minutes"},"schema":{"@context":"https:\/\/schema.org","@graph":[{"@type":"Article","@id":"https:\/\/treenaturaterapias.com\/conexao-ava-criancas-casos-reais\/#article","isPartOf":{"@id":"https:\/\/treenaturaterapias.com\/conexao-ava-criancas-casos-reais\/"},"author":{"name":"C\u00e9lia de Jesus","@id":"https:\/\/treenaturaterapias.com\/#\/schema\/person\/267944d8880bf51dd22b9803435d65c6"},"headline":"Conex\u00e3o AVA Crian\u00e7as &#8211; Casos Reais","datePublished":"2016-06-06T15:48:33+00:00","dateModified":"2016-10-25T09:41:27+00:00","mainEntityOfPage":{"@id":"https:\/\/treenaturaterapias.com\/conexao-ava-criancas-casos-reais\/"},"wordCount":1074,"commentCount":0,"publisher":{"@id":"https:\/\/treenaturaterapias.com\/#\/schema\/person\/267944d8880bf51dd22b9803435d65c6"},"image":{"@id":"https:\/\/treenaturaterapias.com\/conexao-ava-criancas-casos-reais\/#primaryimage"},"thumbnailUrl":"https:\/\/treenaturaterapias.com\/wp-content\/uploads\/2016\/06\/imagesl.jpg","articleSection":["Uncategorized"],"inLanguage":"fr-FR","potentialAction":[{"@type":"CommentAction","name":"Comment","target":["https:\/\/treenaturaterapias.com\/conexao-ava-criancas-casos-reais\/#respond"]}]},{"@type":"WebPage","@id":"https:\/\/treenaturaterapias.com\/conexao-ava-criancas-casos-reais\/","url":"https:\/\/treenaturaterapias.com\/conexao-ava-criancas-casos-reais\/","name":"Conex\u00e3o AVA Crian\u00e7as - Casos Reais - Tree Natura Terapias","isPartOf":{"@id":"https:\/\/treenaturaterapias.com\/#website"},"primaryImageOfPage":{"@id":"https:\/\/treenaturaterapias.com\/conexao-ava-criancas-casos-reais\/#primaryimage"},"image":{"@id":"https:\/\/treenaturaterapias.com\/conexao-ava-criancas-casos-reais\/#primaryimage"},"thumbnailUrl":"https:\/\/treenaturaterapias.com\/wp-content\/uploads\/2016\/06\/imagesl.jpg","datePublished":"2016-06-06T15:48:33+00:00","dateModified":"2016-10-25T09:41:27+00:00","breadcrumb":{"@id":"https:\/\/treenaturaterapias.com\/conexao-ava-criancas-casos-reais\/#breadcrumb"},"inLanguage":"fr-FR","potentialAction":[{"@type":"ReadAction","target":["https:\/\/treenaturaterapias.com\/conexao-ava-criancas-casos-reais\/"]}]},{"@type":"ImageObject","inLanguage":"fr-FR","@id":"https:\/\/treenaturaterapias.com\/conexao-ava-criancas-casos-reais\/#primaryimage","url":"https:\/\/treenaturaterapias.com\/wp-content\/uploads\/2016\/06\/imagesl.jpg","contentUrl":"https:\/\/treenaturaterapias.com\/wp-content\/uploads\/2016\/06\/imagesl.jpg","width":251,"height":201},{"@type":"BreadcrumbList","@id":"https:\/\/treenaturaterapias.com\/conexao-ava-criancas-casos-reais\/#breadcrumb","itemListElement":[{"@type":"ListItem","position":1,"name":"In\u00edcio","item":"https:\/\/treenaturaterapias.com\/"},{"@type":"ListItem","position":2,"name":"Conex\u00e3o AVA Crian\u00e7as &#8211; Casos Reais"}]},{"@type":"WebSite","@id":"https:\/\/treenaturaterapias.com\/#website","url":"https:\/\/treenaturaterapias.com\/","name":"Tree Natura Terapias","description":"Reconhecendo o Divino que habita em si","publisher":{"@id":"https:\/\/treenaturaterapias.com\/#\/schema\/person\/267944d8880bf51dd22b9803435d65c6"},"potentialAction":[{"@type":"SearchAction","target":{"@type":"EntryPoint","urlTemplate":"https:\/\/treenaturaterapias.com\/?s={search_term_string}"},"query-input":{"@type":"PropertyValueSpecification","valueRequired":true,"valueName":"search_term_string"}}],"inLanguage":"fr-FR"},{"@type":["Person","Organization"],"@id":"https:\/\/treenaturaterapias.com\/#\/schema\/person\/267944d8880bf51dd22b9803435d65c6","name":"C\u00e9lia de Jesus","image":{"@type":"ImageObject","inLanguage":"fr-FR","@id":"https:\/\/treenaturaterapias.com\/wp-content\/uploads\/2018\/09\/cropped-18901839_10154690353442194_1408032629_o.jpg","url":"https:\/\/treenaturaterapias.com\/wp-content\/uploads\/2018\/09\/cropped-18901839_10154690353442194_1408032629_o.jpg","contentUrl":"https:\/\/treenaturaterapias.com\/wp-content\/uploads\/2018\/09\/cropped-18901839_10154690353442194_1408032629_o.jpg","width":512,"height":512,"caption":"C\u00e9lia de Jesus"},"logo":{"@id":"https:\/\/treenaturaterapias.com\/wp-content\/uploads\/2018\/09\/cropped-18901839_10154690353442194_1408032629_o.jpg"},"url":"https:\/\/treenaturaterapias.com\/fr\/author\/pjnogueira\/"}]}},"_links":{"self":[{"href":"https:\/\/treenaturaterapias.com\/fr\/wp-json\/wp\/v2\/posts\/91","targetHints":{"allow":["GET"]}}],"collection":[{"href":"https:\/\/treenaturaterapias.com\/fr\/wp-json\/wp\/v2\/posts"}],"about":[{"href":"https:\/\/treenaturaterapias.com\/fr\/wp-json\/wp\/v2\/types\/post"}],"author":[{"embeddable":true,"href":"https:\/\/treenaturaterapias.com\/fr\/wp-json\/wp\/v2\/users\/1"}],"replies":[{"embeddable":true,"href":"https:\/\/treenaturaterapias.com\/fr\/wp-json\/wp\/v2\/comments?post=91"}],"version-history":[{"count":0,"href":"https:\/\/treenaturaterapias.com\/fr\/wp-json\/wp\/v2\/posts\/91\/revisions"}],"wp:featuredmedia":[{"embeddable":true,"href":"https:\/\/treenaturaterapias.com\/fr\/wp-json\/wp\/v2\/media\/93"}],"wp:attachment":[{"href":"https:\/\/treenaturaterapias.com\/fr\/wp-json\/wp\/v2\/media?parent=91"}],"wp:term":[{"taxonomy":"category","embeddable":true,"href":"https:\/\/treenaturaterapias.com\/fr\/wp-json\/wp\/v2\/categories?post=91"},{"taxonomy":"post_tag","embeddable":true,"href":"https:\/\/treenaturaterapias.com\/fr\/wp-json\/wp\/v2\/tags?post=91"}],"curies":[{"name":"wp","href":"https:\/\/api.w.org\/{rel}","templated":true}]}}