{"id":359,"date":"2017-06-04T07:07:51","date_gmt":"2017-06-04T07:07:51","guid":{"rendered":"https:\/\/treenaturaterapias.com\/?p=359"},"modified":"2018-05-17T18:35:28","modified_gmt":"2018-05-17T18:35:28","slug":"quando-o-problema-dos-relacionamentos-somos-nos-e-a-nossa-aura","status":"publish","type":"post","link":"https:\/\/treenaturaterapias.com\/fr\/quando-o-problema-dos-relacionamentos-somos-nos-e-a-nossa-aura\/","title":{"rendered":"Quando o problema dos relacionamentos somos n\u00f3s e a nossa aura!"},"content":{"rendered":"<p>Auto estima e Amor pr\u00f3prio est\u00e1 em falta na maioria das almas. Pensamos em n\u00f3s como algo descart\u00e1vel que n\u00e3o existe. J\u00e1 pensou que \u00e9 uma Alma que tem vida e sentimentos? Quantas vezes j\u00e1 olhou assim para si?<\/p>\n<p>Esfor\u00e7amo-nos tanto para agradar os outros deixando assim uma lacuna na nossa <a href=\"https:\/\/treenaturaterapias.com\/a-leitura-de-aura\/\" target=\"_blank\" rel=\"noopener noreferrer\">aura<\/a> em que a falta de respeito entra. Vendo bem \u00e9 o que n\u00f3s permitimos que fa\u00e7am connosco.<\/p>\n<p>Amar a n\u00f3s pr\u00f3prios \u00e9 obrigat\u00f3rio. Estarmos constantemente em luta interior porque n\u00e3o gostamos do corpo ou de certas atitudes nossas, n\u00e3o adianta nada. Temos de aceitar para que a vida seja mais flu\u00edda e se necessitarmos, come\u00e7ar a fazer as mudan\u00e7as. Mudan\u00e7as essas que podem demorar meses, nada de desesperos!<\/p>\n<p>Isto acontece principalmente nos <a href=\"https:\/\/treenaturaterapias.com\/leitura-de-aura-de-relacionamentos\/\" target=\"_blank\" rel=\"noopener noreferrer\">relacionamentos<\/a> amorosos. Almas que vivem aprisionadas em <a href=\"https:\/\/treenaturaterapias.com\/relacionamento-karmico\/\" target=\"_blank\" rel=\"noopener noreferrer\">relacionamentos<\/a> em que se sentem submissas ou que j\u00e1 acabaram. N\u00e3o nos damos o devido valor em muitos relacionamentos com a sociedade. N\u00e3o mostramos quem somos na realidade, aquilo que gostamos, a nossa opini\u00e3o. Temos de nos lembrar que somos Unicos. N\u00e3o h\u00e1 uma \u00fanica alma igual a outra e portanto se estamos aqui no planeta terra, \u00e9 para fazer a diferen\u00e7a. Ao estarmos constantemente a anular-nos, perdemos as oportunidades \u00fanicas para n\u00f3s.<\/p>\n<p>DEVEMOS agradecer pelo que somos, pela pessoa que conseguimos tornar-nos e tamb\u00e9m pela que queremos ser. Por todas as dificuldades que conseguimos enfrentar e at\u00e9 devemos agradecer os nossos \u201cdefeitos\u201d, porque at\u00e9 eles nos fazem crescer.<\/p>\n<p>DEVEMOS fazer algo que nos fa\u00e7a perceber que estamos a evoluir e crescer. Quando nos sentimos a cair na monotonia, devemos acrescentar algo que traga impacto \u00e1 nossa vida. N\u00e3o deixar que o sentimento de baixa auto estima comece novamente a fazer cama na nossa <a href=\"https:\/\/treenaturaterapias.com\/a-leitura-de-aura\/\" target=\"_blank\" rel=\"noopener noreferrer\">aura<\/a>. Todos somos capazes, s\u00f3 precisamos de aprender, por isso tire do seu vocabul\u00e1rio as palavras \u201cN\u00e3o consigo\u201d. \u00c8 uma quest\u00e3o de dedica\u00e7\u00e3o, nada mais.<\/p>\n<p>DEVEMOS tornar vis\u00edveis os nosso <a href=\"https:\/\/treenaturaterapias.com\/qual-o-seu-dom-e-missao-de-vida\/\" target=\"_blank\" rel=\"noopener noreferrer\">dons<\/a>, aqueles que nos fazem sentir bem e aprimora-los. Todos n\u00f3s temos, at\u00e9 mais que um, mas esquecemos que um <a href=\"https:\/\/treenaturaterapias.com\/qual-o-seu-dom-e-missao-de-vida\/\" target=\"_blank\" rel=\"noopener noreferrer\">dom<\/a> \u00e9 algo t\u00e3o simples como ter a capacidade de rir de n\u00f3s pr\u00f3prios, dos nossos \u201cdefeitos\u201d, encarar a vida como as crian\u00e7as encaram, sem pudor no olhar. Quando pomos em pr\u00e1tica os nossos <a href=\"https:\/\/treenaturaterapias.com\/qual-o-seu-dom-e-missao-de-vida\/\" target=\"_blank\" rel=\"noopener noreferrer\">dons<\/a> o Universo reconhece a nossa ess\u00eancia e come\u00e7a a abrir-nos os caminhos.<\/p>\n<p>DEVEMOS dar aten\u00e7\u00e3o \u00e1s nossas necessidades corporais e mentais. Passamos a vida a dar conselhos aos outros de descanso e f\u00e9rias e que deviam alterar a alimenta\u00e7\u00e3o ou certos h\u00e1bitos. Ent\u00e3o e n\u00f3s? Tamb\u00e9m n\u00e3o precisamos? N\u00e3o \u00e9 um luxo, \u00e9 um dever. Tirarmos um dia ou umas horas para n\u00f3s, conseguirmos estar na cama at\u00e9 mais tarde sem culpas. Costuma-se dizer que o trabalho n\u00e3o foge, e na realidade \u00e9 assim mesmo. Ele vai estar sempre ali, a diferen\u00e7a \u00e9 que se voc\u00ea insiste em estar sempre a faz\u00ea-lo, ele cresce mais. Nunca reparou nisso. Se o deixar descansar tamb\u00e9m, ele diminui. \u00c8 uma quest\u00e3o da energia que produz e o que atrai.<\/p>\n<p>Isto nota-se perfeitamente nos pensamentos que temos em rela\u00e7\u00e3o ao amor que merecemos. Que culpas carrega de antigos amores? Acha que merece um amor mau, mais ou menos ou extraordin\u00e1rio? A sua resposta dita aquilo que voc\u00ea atrai na sua vida. Se voc\u00ea pr\u00f3pria n\u00e3o sabe o que quer ou se o que quer \u00e9 mau, n\u00e3o admira que obtenha isso mesmo. N\u00e3o \u00e9 uma quest\u00e3o de culpa, \u00e9 uma quest\u00e3o de vibra\u00e7\u00e3o. Altere-a e ver\u00e1 as mudan\u00e7as a acontecer.<\/p>\n<p>H\u00e1 um livro muito bom que me ajudou a ultrapassar estas regras impostas pela sociedade de que devemos fazer tudo para agradar os outros.\u00a0 <a href=\"https:\/\/www.wook.pt\/livro\/pode-curar-a-sua-vida-louise-l-hay\/80682?a_aid=5a99ad5d61245\" target=\"_blank\" rel=\"noopener\">\u00ab\u00a0Pode curar a sua vida\u201d de Louise L. Hay<\/a>, leia e ver\u00e1 quantas coisas temos de alterar para que a nossa vida volte a entrar na nossa <a href=\"https:\/\/treenaturaterapias.com\/qual-o-seu-dom-e-missao-de-vida\/\" target=\"_blank\" rel=\"noopener noreferrer\">miss\u00e3o<\/a>. Na <a href=\"https:\/\/treenaturaterapias.com\/a-leitura-de-aura\/\" target=\"_blank\" rel=\"noopener noreferrer\">leitura de aura<\/a> as pessoas querem muito saber as suas <a href=\"https:\/\/treenaturaterapias.com\/qual-o-seu-dom-e-missao-de-vida\/\" target=\"_blank\" rel=\"noopener noreferrer\">miss\u00f5es de vida<\/a> e quando sai coisas como alterar pensamentos ou h\u00e1bitos ficam insatisfeitas.<\/p>\n<p>Mas primeiro temos de tratar isso mesmo para podermos entrar no nosso caminho. Ningu\u00e9m faz uma obra a come\u00e7ar pelo fim e com a quantidade de anos que temos de coisas impostas pela sociedade que n\u00e3o nos acrescentam, temos muito que limpar. \u00c9 uma b\u00ean\u00e7\u00e3o pelo menos termos uma t\u00e9cnica como a <a href=\"https:\/\/treenaturaterapias.com\/a-leitura-de-aura\/\" target=\"_blank\" rel=\"noopener\">leitura de Aura<\/a> ou <a href=\"https:\/\/treenaturaterapias.com\/conexao-ava\/\" target=\"_blank\" rel=\"noopener noreferrer\">Conex\u00e3o Ava <\/a>que trazem essas pequenas coisas ao de cima para serem tratadas.<\/p>\n<p>Por vezes recebo pessoas demasiado apegadas aos relacionamentos amorosos que existem ou que existiram. N\u00e3o d\u00e3o sequer espa\u00e7o a elas pr\u00f3prias de decidir o que querem. Vivem com o sentimento que \u00e9 a outra pessoa que decide a vida delas, quando na verdade s\u00e3o elas. Mas como n\u00e3o se d\u00e3o ao devido respeito e t\u00eam \u00f3dio delas pr\u00f3prias, permitem que a outra pessoa fa\u00e7a o que quer delas. No caso de relacionamentos acabados ou que nem <a href=\"https:\/\/treenaturaterapias.com\/leitura-de-aura-de-relacionamentos\/\" target=\"_blank\" rel=\"noopener noreferrer\">relacionamentos<\/a> s\u00e3o, permitem que n\u00e3o entre mais ningu\u00e9m que realmente dar\u00e1 valor \u00e1 fant\u00e1stica pessoa que \u00e9. Inventam desculpas de <a href=\"https:\/\/treenaturaterapias.com\/relacionamento-karmico\/\" target=\"_blank\" rel=\"noopener noreferrer\">relacionamentos karmicos<\/a> e que t\u00eam ainda coisas para resolver e n\u00e3o d\u00e3o passo nenhum na sua evolu\u00e7\u00e3o, quando a outra alma j\u00e1 est\u00e1 a viver a vida dela. Os <a href=\"https:\/\/treenaturaterapias.com\/relacionamento-karmico\/\" target=\"_blank\" rel=\"noopener noreferrer\">relacionamentos K\u00e1rmicos<\/a> existem sim, mas para serem resolvidos e para isso \u00e9 preciso que os 2 ou mais queiram, caso contr\u00e1rio n\u00e3o podemos parar a nossa evolu\u00e7\u00e3o s\u00f3 porque aquela alma decidiu ir por outro caminho.<\/p>\n<p>PRIMEIRO n\u00f3s n\u00e3o dependemos do outro para ser feliz e SEGUNDO aprenda a ser feliz sozinho. S\u00f3 assim evolui. Quando estamos cheios de tanto amor por n\u00f3s que conseguimos dar aos outros. Como pode querer dar amor se n\u00e3o tem para si mesmo? Contradit\u00f3rio.<\/p>\n<p>Assim \u00e9 a auto estima e amor pr\u00f3prio da maioria das Almas, que muitas delas nada fazem para mudar. Claro que mudar h\u00e1bitos e vicios \u00e9 dif\u00edcil e custa imenso, mas para isso existem as terapias alternativas quando a dor \u00e9 insuport\u00e1vel. <a href=\"https:\/\/treenaturaterapias.com\/conexao-ava\/\" target=\"_blank\" rel=\"noopener noreferrer\">Conex\u00e3o AVA<\/a>, <a href=\"https:\/\/treenaturaterapias.com\/leitura-de-aura-de-relacionamentos\/\" target=\"_blank\" rel=\"noopener noreferrer\">leitura de aura de relacionamentos<\/a>, <a href=\"https:\/\/treenaturaterapias.com\/leitura-de-aura-prosperidade\/\" target=\"_blank\" rel=\"noopener noreferrer\">leitura de aura de prosperidade<\/a>, <a href=\"https:\/\/treenaturaterapias.com\/leitura-de-aura-tematica\/\" target=\"_blank\" rel=\"noopener noreferrer\">leitura de aura tem\u00e1tica,<\/a> <a href=\"https:\/\/treenaturaterapias.com\/tarot\/\" target=\"_blank\" rel=\"noopener noreferrer\">Tarot, <\/a><a href=\"https:\/\/treenaturaterapias.com\/curso-terapia-multidimensional\/\" target=\"_blank\" rel=\"noopener noreferrer\">Terapia Multidimensional<\/a>,<a href=\"https:\/\/treenaturaterapias.com\/curso-terapia-multidimensional\/\" target=\"_blank\" rel=\"noopener\">curso Terapia Multidimensiona<\/a>l s\u00e3o tudo terapias que nos d\u00e3o aquele empurr\u00e3o para avan\u00e7armos, bem como <a href=\"https:\/\/www.paulonogueiraterapias.com\/kundalini-yoga\/\" target=\"_blank\" rel=\"noopener noreferrer\">Yoga<\/a> e <a href=\"https:\/\/www.paulonogueiraterapias.com\/meditacao-om\/\" target=\"_blank\" rel=\"noopener noreferrer\">medita\u00e7\u00e3o. <\/a>Passando pelos retiros de <a href=\"https:\/\/treenaturaterapias.com\/iboga-retiro-em-portugal\/\" target=\"_blank\" rel=\"noopener\">Iboga<\/a>.<\/p>\n<p>Viemos c\u00e1 evoluir por isso n\u00e3o tem de desculpa para n\u00e3o o fazer. O Universo disponibiliza uma quantidade de canais e curadores nesse sentido. D\u00ea-se ao luxo de mudar. Tem esse DEVER.<\/p>\n<p>&nbsp;<\/p>\n<p>By C\u00e9lia de Jesus<\/p>\n","protected":false},"excerpt":{"rendered":"<p>Auto estima e Amor pr\u00f3prio est\u00e1 em falta na maioria das almas. Pensamos em n\u00f3s como algo descart\u00e1vel que n\u00e3o existe. J\u00e1 pensou que \u00e9 uma Alma que tem vida e sentimentos? Quantas vezes j\u00e1 olhou assim para si? Esfor\u00e7amo-nos tanto para agradar os outros deixando assim uma lacuna na &hellip; <\/p>\n","protected":false},"author":1,"featured_media":290,"comment_status":"open","ping_status":"open","sticky":false,"template":"","format":"standard","meta":{"_monsterinsights_skip_tracking":false,"_monsterinsights_sitenote_active":false,"_monsterinsights_sitenote_note":"","_monsterinsights_sitenote_category":0,"footnotes":""},"categories":[1],"tags":[36,17,29,49,45,55,7,47,3,6,14,42,11,13,5,19,20],"class_list":["post-359","post","type-post","status-publish","format-standard","has-post-thumbnail","hentry","category-uncategorized","tag-aura","tag-conexao-ava","tag-consciencia","tag-curso-terapia-multidimensional","tag-depressao","tag-ego","tag-espiritualidade","tag-karma","tag-leitura-de-aura","tag-mediunidade","tag-missoes-e-dons","tag-mudanca","tag-prosperidade","tag-relacionamentos","tag-tarot","tag-terapia-multidimensional","tag-terapias"],"yoast_head":"<!-- This site is optimized with the Yoast SEO plugin v27.4 - https:\/\/yoast.com\/product\/yoast-seo-wordpress\/ -->\n<title>Quando o problema dos relacionamentos somos n\u00f3s e a nossa aura! - Tree Natura Terapias<\/title>\n<meta name=\"robots\" content=\"index, follow, max-snippet:-1, max-image-preview:large, max-video-preview:-1\" \/>\n<link rel=\"canonical\" href=\"https:\/\/treenaturaterapias.com\/fr\/quando-o-problema-dos-relacionamentos-somos-nos-e-a-nossa-aura\/\" \/>\n<meta property=\"og:locale\" content=\"fr_FR\" \/>\n<meta property=\"og:locale:alternate\" content=\"en_US\" \/>\n<meta property=\"og:locale:alternate\" content=\"pt_PT\" \/>\n<meta property=\"og:type\" content=\"article\" \/>\n<meta property=\"og:title\" content=\"Quando o problema dos relacionamentos somos n\u00f3s e a nossa aura! - Tree Natura Terapias\" \/>\n<meta property=\"og:description\" content=\"Auto estima e Amor pr\u00f3prio est\u00e1 em falta na maioria das almas. Pensamos em n\u00f3s como algo descart\u00e1vel que n\u00e3o existe. J\u00e1 pensou que \u00e9 uma Alma que tem vida e sentimentos? Quantas vezes j\u00e1 olhou assim para si? Esfor\u00e7amo-nos tanto para agradar os outros deixando assim uma lacuna na &hellip;\" \/>\n<meta property=\"og:url\" content=\"https:\/\/treenaturaterapias.com\/fr\/quando-o-problema-dos-relacionamentos-somos-nos-e-a-nossa-aura\/\" \/>\n<meta property=\"og:site_name\" content=\"Tree Natura Terapias\" \/>\n<meta property=\"article:published_time\" content=\"2017-06-04T07:07:51+00:00\" \/>\n<meta property=\"article:modified_time\" content=\"2018-05-17T18:35:28+00:00\" \/>\n<meta property=\"og:image\" content=\"https:\/\/treenaturaterapias.com\/wp-content\/uploads\/2017\/04\/456577__feathers_p.jpg\" \/>\n\t<meta property=\"og:image:width\" content=\"939\" \/>\n\t<meta property=\"og:image:height\" content=\"606\" \/>\n\t<meta property=\"og:image:type\" content=\"image\/jpeg\" \/>\n<meta name=\"author\" content=\"C\u00e9lia de Jesus\" \/>\n<meta name=\"twitter:card\" content=\"summary_large_image\" \/>\n<meta name=\"twitter:label1\" content=\"\u00c9crit par\" \/>\n\t<meta name=\"twitter:data1\" content=\"C\u00e9lia de Jesus\" \/>\n\t<meta name=\"twitter:label2\" content=\"Dur\u00e9e de lecture estim\u00e9e\" \/>\n\t<meta name=\"twitter:data2\" content=\"6 minutes\" \/>\n<script type=\"application\/ld+json\" class=\"yoast-schema-graph\">{\"@context\":\"https:\\\/\\\/schema.org\",\"@graph\":[{\"@type\":\"Article\",\"@id\":\"https:\\\/\\\/treenaturaterapias.com\\\/fr\\\/quando-o-problema-dos-relacionamentos-somos-nos-e-a-nossa-aura\\\/#article\",\"isPartOf\":{\"@id\":\"https:\\\/\\\/treenaturaterapias.com\\\/fr\\\/quando-o-problema-dos-relacionamentos-somos-nos-e-a-nossa-aura\\\/\"},\"author\":{\"name\":\"C\u00e9lia de Jesus\",\"@id\":\"https:\\\/\\\/treenaturaterapias.com\\\/#\\\/schema\\\/person\\\/267944d8880bf51dd22b9803435d65c6\"},\"headline\":\"Quando o problema dos relacionamentos somos n\u00f3s e a nossa aura!\",\"datePublished\":\"2017-06-04T07:07:51+00:00\",\"dateModified\":\"2018-05-17T18:35:28+00:00\",\"mainEntityOfPage\":{\"@id\":\"https:\\\/\\\/treenaturaterapias.com\\\/fr\\\/quando-o-problema-dos-relacionamentos-somos-nos-e-a-nossa-aura\\\/\"},\"wordCount\":1151,\"commentCount\":2,\"publisher\":{\"@id\":\"https:\\\/\\\/treenaturaterapias.com\\\/#\\\/schema\\\/person\\\/267944d8880bf51dd22b9803435d65c6\"},\"image\":{\"@id\":\"https:\\\/\\\/treenaturaterapias.com\\\/fr\\\/quando-o-problema-dos-relacionamentos-somos-nos-e-a-nossa-aura\\\/#primaryimage\"},\"thumbnailUrl\":\"https:\\\/\\\/treenaturaterapias.com\\\/wp-content\\\/uploads\\\/2017\\\/04\\\/456577__feathers_p.jpg\",\"keywords\":[\"aura\",\"Conex\u00e3o AVA\",\"consci\u00eancia\",\"curso terapia multidimensional\",\"depress\u00e3o\",\"EGO\",\"espiritualidade\",\"karma\",\"Leitura de aura\",\"Mediunidade\",\"miss\u00f5es e dons\",\"mudan\u00e7a\",\"Prosperidade\",\"relacionamentos\",\"Tarot\",\"Terapia Multidimensional\",\"terapias\"],\"articleSection\":[\"Uncategorized\"],\"inLanguage\":\"fr-FR\",\"potentialAction\":[{\"@type\":\"CommentAction\",\"name\":\"Comment\",\"target\":[\"https:\\\/\\\/treenaturaterapias.com\\\/fr\\\/quando-o-problema-dos-relacionamentos-somos-nos-e-a-nossa-aura\\\/#respond\"]}]},{\"@type\":\"WebPage\",\"@id\":\"https:\\\/\\\/treenaturaterapias.com\\\/fr\\\/quando-o-problema-dos-relacionamentos-somos-nos-e-a-nossa-aura\\\/\",\"url\":\"https:\\\/\\\/treenaturaterapias.com\\\/fr\\\/quando-o-problema-dos-relacionamentos-somos-nos-e-a-nossa-aura\\\/\",\"name\":\"Quando o problema dos relacionamentos somos n\u00f3s e a nossa aura! - Tree Natura Terapias\",\"isPartOf\":{\"@id\":\"https:\\\/\\\/treenaturaterapias.com\\\/#website\"},\"primaryImageOfPage\":{\"@id\":\"https:\\\/\\\/treenaturaterapias.com\\\/fr\\\/quando-o-problema-dos-relacionamentos-somos-nos-e-a-nossa-aura\\\/#primaryimage\"},\"image\":{\"@id\":\"https:\\\/\\\/treenaturaterapias.com\\\/fr\\\/quando-o-problema-dos-relacionamentos-somos-nos-e-a-nossa-aura\\\/#primaryimage\"},\"thumbnailUrl\":\"https:\\\/\\\/treenaturaterapias.com\\\/wp-content\\\/uploads\\\/2017\\\/04\\\/456577__feathers_p.jpg\",\"datePublished\":\"2017-06-04T07:07:51+00:00\",\"dateModified\":\"2018-05-17T18:35:28+00:00\",\"breadcrumb\":{\"@id\":\"https:\\\/\\\/treenaturaterapias.com\\\/fr\\\/quando-o-problema-dos-relacionamentos-somos-nos-e-a-nossa-aura\\\/#breadcrumb\"},\"inLanguage\":\"fr-FR\",\"potentialAction\":[{\"@type\":\"ReadAction\",\"target\":[\"https:\\\/\\\/treenaturaterapias.com\\\/fr\\\/quando-o-problema-dos-relacionamentos-somos-nos-e-a-nossa-aura\\\/\"]}]},{\"@type\":\"ImageObject\",\"inLanguage\":\"fr-FR\",\"@id\":\"https:\\\/\\\/treenaturaterapias.com\\\/fr\\\/quando-o-problema-dos-relacionamentos-somos-nos-e-a-nossa-aura\\\/#primaryimage\",\"url\":\"https:\\\/\\\/treenaturaterapias.com\\\/wp-content\\\/uploads\\\/2017\\\/04\\\/456577__feathers_p.jpg\",\"contentUrl\":\"https:\\\/\\\/treenaturaterapias.com\\\/wp-content\\\/uploads\\\/2017\\\/04\\\/456577__feathers_p.jpg\",\"width\":939,\"height\":606},{\"@type\":\"BreadcrumbList\",\"@id\":\"https:\\\/\\\/treenaturaterapias.com\\\/fr\\\/quando-o-problema-dos-relacionamentos-somos-nos-e-a-nossa-aura\\\/#breadcrumb\",\"itemListElement\":[{\"@type\":\"ListItem\",\"position\":1,\"name\":\"In\u00edcio\",\"item\":\"https:\\\/\\\/treenaturaterapias.com\\\/\"},{\"@type\":\"ListItem\",\"position\":2,\"name\":\"Quando o problema dos relacionamentos somos n\u00f3s e a nossa aura!\"}]},{\"@type\":\"WebSite\",\"@id\":\"https:\\\/\\\/treenaturaterapias.com\\\/#website\",\"url\":\"https:\\\/\\\/treenaturaterapias.com\\\/\",\"name\":\"Tree Natura Terapias\",\"description\":\"Reconhecendo o Divino que habita em si\",\"publisher\":{\"@id\":\"https:\\\/\\\/treenaturaterapias.com\\\/#\\\/schema\\\/person\\\/267944d8880bf51dd22b9803435d65c6\"},\"potentialAction\":[{\"@type\":\"SearchAction\",\"target\":{\"@type\":\"EntryPoint\",\"urlTemplate\":\"https:\\\/\\\/treenaturaterapias.com\\\/?s={search_term_string}\"},\"query-input\":{\"@type\":\"PropertyValueSpecification\",\"valueRequired\":true,\"valueName\":\"search_term_string\"}}],\"inLanguage\":\"fr-FR\"},{\"@type\":[\"Person\",\"Organization\"],\"@id\":\"https:\\\/\\\/treenaturaterapias.com\\\/#\\\/schema\\\/person\\\/267944d8880bf51dd22b9803435d65c6\",\"name\":\"C\u00e9lia de Jesus\",\"image\":{\"@type\":\"ImageObject\",\"inLanguage\":\"fr-FR\",\"@id\":\"https:\\\/\\\/treenaturaterapias.com\\\/wp-content\\\/uploads\\\/2018\\\/09\\\/cropped-18901839_10154690353442194_1408032629_o.jpg\",\"url\":\"https:\\\/\\\/treenaturaterapias.com\\\/wp-content\\\/uploads\\\/2018\\\/09\\\/cropped-18901839_10154690353442194_1408032629_o.jpg\",\"contentUrl\":\"https:\\\/\\\/treenaturaterapias.com\\\/wp-content\\\/uploads\\\/2018\\\/09\\\/cropped-18901839_10154690353442194_1408032629_o.jpg\",\"width\":512,\"height\":512,\"caption\":\"C\u00e9lia de Jesus\"},\"logo\":{\"@id\":\"https:\\\/\\\/treenaturaterapias.com\\\/wp-content\\\/uploads\\\/2018\\\/09\\\/cropped-18901839_10154690353442194_1408032629_o.jpg\"},\"url\":\"https:\\\/\\\/treenaturaterapias.com\\\/fr\\\/author\\\/pjnogueira\\\/\"}]}<\/script>\n<!-- \/ Yoast SEO plugin. -->","yoast_head_json":{"title":"Quando o problema dos relacionamentos somos n\u00f3s e a nossa aura! - Tree Natura Terapias","robots":{"index":"index","follow":"follow","max-snippet":"max-snippet:-1","max-image-preview":"max-image-preview:large","max-video-preview":"max-video-preview:-1"},"canonical":"https:\/\/treenaturaterapias.com\/fr\/quando-o-problema-dos-relacionamentos-somos-nos-e-a-nossa-aura\/","og_locale":"fr_FR","og_type":"article","og_title":"Quando o problema dos relacionamentos somos n\u00f3s e a nossa aura! - Tree Natura Terapias","og_description":"Auto estima e Amor pr\u00f3prio est\u00e1 em falta na maioria das almas. Pensamos em n\u00f3s como algo descart\u00e1vel que n\u00e3o existe. J\u00e1 pensou que \u00e9 uma Alma que tem vida e sentimentos? Quantas vezes j\u00e1 olhou assim para si? Esfor\u00e7amo-nos tanto para agradar os outros deixando assim uma lacuna na &hellip;","og_url":"https:\/\/treenaturaterapias.com\/fr\/quando-o-problema-dos-relacionamentos-somos-nos-e-a-nossa-aura\/","og_site_name":"Tree Natura Terapias","article_published_time":"2017-06-04T07:07:51+00:00","article_modified_time":"2018-05-17T18:35:28+00:00","og_image":[{"width":939,"height":606,"url":"https:\/\/treenaturaterapias.com\/wp-content\/uploads\/2017\/04\/456577__feathers_p.jpg","type":"image\/jpeg"}],"author":"C\u00e9lia de Jesus","twitter_card":"summary_large_image","twitter_misc":{"\u00c9crit par":"C\u00e9lia de Jesus","Dur\u00e9e de lecture estim\u00e9e":"6 minutes"},"schema":{"@context":"https:\/\/schema.org","@graph":[{"@type":"Article","@id":"https:\/\/treenaturaterapias.com\/fr\/quando-o-problema-dos-relacionamentos-somos-nos-e-a-nossa-aura\/#article","isPartOf":{"@id":"https:\/\/treenaturaterapias.com\/fr\/quando-o-problema-dos-relacionamentos-somos-nos-e-a-nossa-aura\/"},"author":{"name":"C\u00e9lia de Jesus","@id":"https:\/\/treenaturaterapias.com\/#\/schema\/person\/267944d8880bf51dd22b9803435d65c6"},"headline":"Quando o problema dos relacionamentos somos n\u00f3s e a nossa aura!","datePublished":"2017-06-04T07:07:51+00:00","dateModified":"2018-05-17T18:35:28+00:00","mainEntityOfPage":{"@id":"https:\/\/treenaturaterapias.com\/fr\/quando-o-problema-dos-relacionamentos-somos-nos-e-a-nossa-aura\/"},"wordCount":1151,"commentCount":2,"publisher":{"@id":"https:\/\/treenaturaterapias.com\/#\/schema\/person\/267944d8880bf51dd22b9803435d65c6"},"image":{"@id":"https:\/\/treenaturaterapias.com\/fr\/quando-o-problema-dos-relacionamentos-somos-nos-e-a-nossa-aura\/#primaryimage"},"thumbnailUrl":"https:\/\/treenaturaterapias.com\/wp-content\/uploads\/2017\/04\/456577__feathers_p.jpg","keywords":["aura","Conex\u00e3o AVA","consci\u00eancia","curso terapia multidimensional","depress\u00e3o","EGO","espiritualidade","karma","Leitura de aura","Mediunidade","miss\u00f5es e dons","mudan\u00e7a","Prosperidade","relacionamentos","Tarot","Terapia Multidimensional","terapias"],"articleSection":["Uncategorized"],"inLanguage":"fr-FR","potentialAction":[{"@type":"CommentAction","name":"Comment","target":["https:\/\/treenaturaterapias.com\/fr\/quando-o-problema-dos-relacionamentos-somos-nos-e-a-nossa-aura\/#respond"]}]},{"@type":"WebPage","@id":"https:\/\/treenaturaterapias.com\/fr\/quando-o-problema-dos-relacionamentos-somos-nos-e-a-nossa-aura\/","url":"https:\/\/treenaturaterapias.com\/fr\/quando-o-problema-dos-relacionamentos-somos-nos-e-a-nossa-aura\/","name":"Quando o problema dos relacionamentos somos n\u00f3s e a nossa aura! - Tree Natura Terapias","isPartOf":{"@id":"https:\/\/treenaturaterapias.com\/#website"},"primaryImageOfPage":{"@id":"https:\/\/treenaturaterapias.com\/fr\/quando-o-problema-dos-relacionamentos-somos-nos-e-a-nossa-aura\/#primaryimage"},"image":{"@id":"https:\/\/treenaturaterapias.com\/fr\/quando-o-problema-dos-relacionamentos-somos-nos-e-a-nossa-aura\/#primaryimage"},"thumbnailUrl":"https:\/\/treenaturaterapias.com\/wp-content\/uploads\/2017\/04\/456577__feathers_p.jpg","datePublished":"2017-06-04T07:07:51+00:00","dateModified":"2018-05-17T18:35:28+00:00","breadcrumb":{"@id":"https:\/\/treenaturaterapias.com\/fr\/quando-o-problema-dos-relacionamentos-somos-nos-e-a-nossa-aura\/#breadcrumb"},"inLanguage":"fr-FR","potentialAction":[{"@type":"ReadAction","target":["https:\/\/treenaturaterapias.com\/fr\/quando-o-problema-dos-relacionamentos-somos-nos-e-a-nossa-aura\/"]}]},{"@type":"ImageObject","inLanguage":"fr-FR","@id":"https:\/\/treenaturaterapias.com\/fr\/quando-o-problema-dos-relacionamentos-somos-nos-e-a-nossa-aura\/#primaryimage","url":"https:\/\/treenaturaterapias.com\/wp-content\/uploads\/2017\/04\/456577__feathers_p.jpg","contentUrl":"https:\/\/treenaturaterapias.com\/wp-content\/uploads\/2017\/04\/456577__feathers_p.jpg","width":939,"height":606},{"@type":"BreadcrumbList","@id":"https:\/\/treenaturaterapias.com\/fr\/quando-o-problema-dos-relacionamentos-somos-nos-e-a-nossa-aura\/#breadcrumb","itemListElement":[{"@type":"ListItem","position":1,"name":"In\u00edcio","item":"https:\/\/treenaturaterapias.com\/"},{"@type":"ListItem","position":2,"name":"Quando o problema dos relacionamentos somos n\u00f3s e a nossa aura!"}]},{"@type":"WebSite","@id":"https:\/\/treenaturaterapias.com\/#website","url":"https:\/\/treenaturaterapias.com\/","name":"Tree Natura Terapias","description":"Reconhecendo o Divino que habita em si","publisher":{"@id":"https:\/\/treenaturaterapias.com\/#\/schema\/person\/267944d8880bf51dd22b9803435d65c6"},"potentialAction":[{"@type":"SearchAction","target":{"@type":"EntryPoint","urlTemplate":"https:\/\/treenaturaterapias.com\/?s={search_term_string}"},"query-input":{"@type":"PropertyValueSpecification","valueRequired":true,"valueName":"search_term_string"}}],"inLanguage":"fr-FR"},{"@type":["Person","Organization"],"@id":"https:\/\/treenaturaterapias.com\/#\/schema\/person\/267944d8880bf51dd22b9803435d65c6","name":"C\u00e9lia de Jesus","image":{"@type":"ImageObject","inLanguage":"fr-FR","@id":"https:\/\/treenaturaterapias.com\/wp-content\/uploads\/2018\/09\/cropped-18901839_10154690353442194_1408032629_o.jpg","url":"https:\/\/treenaturaterapias.com\/wp-content\/uploads\/2018\/09\/cropped-18901839_10154690353442194_1408032629_o.jpg","contentUrl":"https:\/\/treenaturaterapias.com\/wp-content\/uploads\/2018\/09\/cropped-18901839_10154690353442194_1408032629_o.jpg","width":512,"height":512,"caption":"C\u00e9lia de Jesus"},"logo":{"@id":"https:\/\/treenaturaterapias.com\/wp-content\/uploads\/2018\/09\/cropped-18901839_10154690353442194_1408032629_o.jpg"},"url":"https:\/\/treenaturaterapias.com\/fr\/author\/pjnogueira\/"}]}},"_links":{"self":[{"href":"https:\/\/treenaturaterapias.com\/fr\/wp-json\/wp\/v2\/posts\/359","targetHints":{"allow":["GET"]}}],"collection":[{"href":"https:\/\/treenaturaterapias.com\/fr\/wp-json\/wp\/v2\/posts"}],"about":[{"href":"https:\/\/treenaturaterapias.com\/fr\/wp-json\/wp\/v2\/types\/post"}],"author":[{"embeddable":true,"href":"https:\/\/treenaturaterapias.com\/fr\/wp-json\/wp\/v2\/users\/1"}],"replies":[{"embeddable":true,"href":"https:\/\/treenaturaterapias.com\/fr\/wp-json\/wp\/v2\/comments?post=359"}],"version-history":[{"count":0,"href":"https:\/\/treenaturaterapias.com\/fr\/wp-json\/wp\/v2\/posts\/359\/revisions"}],"wp:featuredmedia":[{"embeddable":true,"href":"https:\/\/treenaturaterapias.com\/fr\/wp-json\/wp\/v2\/media\/290"}],"wp:attachment":[{"href":"https:\/\/treenaturaterapias.com\/fr\/wp-json\/wp\/v2\/media?parent=359"}],"wp:term":[{"taxonomy":"category","embeddable":true,"href":"https:\/\/treenaturaterapias.com\/fr\/wp-json\/wp\/v2\/categories?post=359"},{"taxonomy":"post_tag","embeddable":true,"href":"https:\/\/treenaturaterapias.com\/fr\/wp-json\/wp\/v2\/tags?post=359"}],"curies":[{"name":"wp","href":"https:\/\/api.w.org\/{rel}","templated":true}]}}