{"id":264,"date":"2017-04-06T15:29:53","date_gmt":"2017-04-06T15:29:53","guid":{"rendered":"https:\/\/treenaturaterapias.com\/?p=264"},"modified":"2017-04-07T06:03:22","modified_gmt":"2017-04-07T06:03:22","slug":"o-papel-da-conexao-ava-no-desemprego","status":"publish","type":"post","link":"https:\/\/treenaturaterapias.com\/fr\/o-papel-da-conexao-ava-no-desemprego\/","title":{"rendered":"O papel da Conex\u00e3o AVA no Desemprego!"},"content":{"rendered":"<p>Vivemos numa realidade em que cada vez h\u00e1 mais desemprego e menos oportunidade de emprego. Muitas pessoas pelo mundo inteiro viram-se obrigadas a deixar o seu local de trabalho por variad\u00edssimas raz\u00f5es, sendo assim colocadas com uma nova categoria #Desempregado.<\/p>\n<p>Vendo isto de uma perspectiva mais Universal, muitas destas pessoas foram obrigadas pelo Universo e os seus guias a evolu\u00edrem de alguma maneira e outras a procurarem e apostarem em carreiras que sempre sonharam e as fazem felizes ( porque se acomodaram ou porque \u00e9 simplesmente mais f\u00e1cil trabalhar por conta de outrem em que n\u00e3o se tem grandes responsabilidades). Quando comecei a canalizar a <a href=\"https:\/\/treenaturaterapias.com\/conexao-ava\/\" target=\"_blank\">Conex\u00e3o AVA<\/a>, a minha primeira cliente estava desempregada e sem casa. Foi um caso que pensei que n\u00e3o iria resolver-se rapidamente e entreguei aos Arcturianos a sua solu\u00e7\u00e3o. Curioso que passado um m\u00eas a vida dela toda se recomp\u00f4s, exactamente na \u00e1rea dela e com a casa que ela conseguia pagar. A segunda cliente estava \u00e1 beira de ser despedida por acabar contrato. A \u00e1rea dela (Marketing) e a zona de Santarem, tornavam o caso complicado mas passados 2 meses ela estava a entrar nessa mesma \u00e1rea.\u00a0 Hoje com 4 anos de Conex\u00e3o AVA olho para tr\u00e1s e vejo que quase todos os casos foram muito id\u00eanticos. Recebi centenas de desempregados e empregados totalmente dispostos a mudar de \u00e1rea para o que realmente amavam fazer.<\/p>\n<p>Na Conex\u00e3o AVA \u00e9 trabalhado logo desde inicio em casos de desemprego, a motiva\u00e7\u00e3o e a consci\u00eancia que devemos e podemos fazer o que gostamos. \u00c9 trabalhado os nossos <a href=\"https:\/\/treenaturaterapias.com\/qual-o-seu-dom-e-missao-de-vida\/\" target=\"_blank\">dons e miss\u00f5es de vida<\/a> e perceber quais s\u00e3o. Depois da terapia come\u00e7am ent\u00e3o a aparecer as oportunidades de isso se concretizar. Claro que uma Alma vem com uma energia muito baixa devido a estar tanto tempo sem algo que a sustente verdadeiramente e principalmente com um sentimento de inutilidade, e essa energia tem de ser mudada gradualmente. Por isso a Conex\u00e3o AVA \u00e9 aconselhada a fazer 3 vezes com intervalo de 3 semanas entre cada uma e a sua vida muda a n\u00edvel de emprego. Basta agarrar as oportunidades e principalmente acreditar que \u00e9 poss\u00edvel.\u00a0 Swamiji Nithyananda diz \u00a0\u00bb s\u00ea o teu pr\u00f3prio patr\u00e3o\u00a0\u00bb. Estamos numa realidade que devemos tornar-nos independentes de algo que nos faz infeliz e principalmente ser Patr\u00e3o de todas as responsabilidades que tomamos. Muitas destas pessoas est\u00e3o tamb\u00e9m a aprender a lidar com o ter dem tomar responsabilidade da vida e das decis\u00f5es que fazem. Isto torna-nos uma Alma com autenticidade e integridade.<\/p>\n<p>\u00c9 importante perceber que a vida nos coloca imensos desafios e maioria servem para evolu\u00e7\u00e3o pessoal. O emprego faz parte dessa evolu\u00e7\u00e3o. Ao estarmos felizes e realizados, sobra-nos mais energia para despender com outras tarefas que nos fazem crescer tamb\u00e9m. Quantas vezes nos levantamos e vamos para um emprego que nada tem a ver connosco e depois de l\u00e1 chegarmos acabamos por andar sempre chateados e infelizes e pior, colocamos todos \u00e1 nossa volta na mesma vibra\u00e7\u00e3o tornando o ambiente insuport\u00e1vel. Nada fazemos para mudar nem para melhorar esse ambiente. Criamos um sentido de <a href=\"https:\/\/treenaturaterapias.com\/afastar-caracteristicas-de-pessoas-felizes\/\" target=\"_blank\">vitimiza\u00e7\u00e3o<\/a> em que quem nos rodeia acaba por levar com grande parte das culpas. N\u00e3o evolu\u00edmos nem deixamos evoluir.<\/p>\n<p>Se estivermos mais felizes no emprego deixamos de ter estas reac\u00e7\u00f5es perante a vida.<\/p>\n<p>\u00c9 sempre poss\u00edvel mudar o rumo. N\u00e3o desista s\u00f3 porque a vida lhe colocou mais um desafio!<\/p>\n<p>&nbsp;<\/p>\n<p>by C\u00e9lia de Jesus<\/p>\n<p>&nbsp;<\/p>\n","protected":false},"excerpt":{"rendered":"<p>Vivemos numa realidade em que cada vez h\u00e1 mais desemprego e menos oportunidade de emprego. Muitas pessoas pelo mundo inteiro viram-se obrigadas a deixar o seu local de trabalho por variad\u00edssimas raz\u00f5es, sendo assim colocadas com uma nova categoria #Desempregado. Vendo isto de uma perspectiva mais Universal, muitas destas pessoas &hellip; <\/p>\n","protected":false},"author":1,"featured_media":266,"comment_status":"open","ping_status":"open","sticky":false,"template":"","format":"standard","meta":{"_monsterinsights_skip_tracking":false,"_monsterinsights_sitenote_active":false,"_monsterinsights_sitenote_note":"","_monsterinsights_sitenote_category":0,"footnotes":""},"categories":[1],"tags":[],"class_list":["post-264","post","type-post","status-publish","format-standard","has-post-thumbnail","hentry","category-uncategorized"],"yoast_head":"<!-- This site is optimized with the Yoast SEO plugin v27.4 - https:\/\/yoast.com\/product\/yoast-seo-wordpress\/ -->\n<title>O papel da Conex\u00e3o AVA no Desemprego! - Tree Natura Terapias<\/title>\n<meta name=\"robots\" content=\"index, follow, max-snippet:-1, max-image-preview:large, max-video-preview:-1\" \/>\n<link rel=\"canonical\" href=\"https:\/\/treenaturaterapias.com\/fr\/o-papel-da-conexao-ava-no-desemprego\/\" \/>\n<meta property=\"og:locale\" content=\"fr_FR\" \/>\n<meta property=\"og:locale:alternate\" content=\"en_US\" \/>\n<meta property=\"og:locale:alternate\" content=\"pt_PT\" \/>\n<meta property=\"og:type\" content=\"article\" \/>\n<meta property=\"og:title\" content=\"O papel da Conex\u00e3o AVA no Desemprego! - Tree Natura Terapias\" \/>\n<meta property=\"og:description\" content=\"Vivemos numa realidade em que cada vez h\u00e1 mais desemprego e menos oportunidade de emprego. Muitas pessoas pelo mundo inteiro viram-se obrigadas a deixar o seu local de trabalho por variad\u00edssimas raz\u00f5es, sendo assim colocadas com uma nova categoria #Desempregado. Vendo isto de uma perspectiva mais Universal, muitas destas pessoas &hellip;\" \/>\n<meta property=\"og:url\" content=\"https:\/\/treenaturaterapias.com\/fr\/o-papel-da-conexao-ava-no-desemprego\/\" \/>\n<meta property=\"og:site_name\" content=\"Tree Natura Terapias\" \/>\n<meta property=\"article:published_time\" content=\"2017-04-06T15:29:53+00:00\" \/>\n<meta property=\"article:modified_time\" content=\"2017-04-07T06:03:22+00:00\" \/>\n<meta property=\"og:image\" content=\"https:\/\/treenaturaterapias.com\/wp-content\/uploads\/2017\/04\/14650281_1319236954794394_7257290387885378738_n.jpg\" \/>\n\t<meta property=\"og:image:width\" content=\"960\" \/>\n\t<meta property=\"og:image:height\" content=\"600\" \/>\n\t<meta property=\"og:image:type\" content=\"image\/jpeg\" \/>\n<meta name=\"author\" content=\"C\u00e9lia de Jesus\" \/>\n<meta name=\"twitter:card\" content=\"summary_large_image\" \/>\n<meta name=\"twitter:label1\" content=\"\u00c9crit par\" \/>\n\t<meta name=\"twitter:data1\" content=\"C\u00e9lia de Jesus\" \/>\n\t<meta name=\"twitter:label2\" content=\"Dur\u00e9e de lecture estim\u00e9e\" \/>\n\t<meta name=\"twitter:data2\" content=\"3 minutes\" \/>\n<script type=\"application\/ld+json\" class=\"yoast-schema-graph\">{\"@context\":\"https:\\\/\\\/schema.org\",\"@graph\":[{\"@type\":\"Article\",\"@id\":\"https:\\\/\\\/treenaturaterapias.com\\\/o-papel-da-conexao-ava-no-desemprego\\\/#article\",\"isPartOf\":{\"@id\":\"https:\\\/\\\/treenaturaterapias.com\\\/o-papel-da-conexao-ava-no-desemprego\\\/\"},\"author\":{\"name\":\"C\u00e9lia de Jesus\",\"@id\":\"https:\\\/\\\/treenaturaterapias.com\\\/#\\\/schema\\\/person\\\/267944d8880bf51dd22b9803435d65c6\"},\"headline\":\"O papel da Conex\u00e3o AVA no Desemprego!\",\"datePublished\":\"2017-04-06T15:29:53+00:00\",\"dateModified\":\"2017-04-07T06:03:22+00:00\",\"mainEntityOfPage\":{\"@id\":\"https:\\\/\\\/treenaturaterapias.com\\\/o-papel-da-conexao-ava-no-desemprego\\\/\"},\"wordCount\":601,\"commentCount\":0,\"publisher\":{\"@id\":\"https:\\\/\\\/treenaturaterapias.com\\\/#\\\/schema\\\/person\\\/267944d8880bf51dd22b9803435d65c6\"},\"image\":{\"@id\":\"https:\\\/\\\/treenaturaterapias.com\\\/o-papel-da-conexao-ava-no-desemprego\\\/#primaryimage\"},\"thumbnailUrl\":\"https:\\\/\\\/treenaturaterapias.com\\\/wp-content\\\/uploads\\\/2017\\\/04\\\/14650281_1319236954794394_7257290387885378738_n.jpg\",\"articleSection\":[\"Uncategorized\"],\"inLanguage\":\"fr-FR\",\"potentialAction\":[{\"@type\":\"CommentAction\",\"name\":\"Comment\",\"target\":[\"https:\\\/\\\/treenaturaterapias.com\\\/o-papel-da-conexao-ava-no-desemprego\\\/#respond\"]}]},{\"@type\":\"WebPage\",\"@id\":\"https:\\\/\\\/treenaturaterapias.com\\\/o-papel-da-conexao-ava-no-desemprego\\\/\",\"url\":\"https:\\\/\\\/treenaturaterapias.com\\\/o-papel-da-conexao-ava-no-desemprego\\\/\",\"name\":\"O papel da Conex\u00e3o AVA no Desemprego! - Tree Natura Terapias\",\"isPartOf\":{\"@id\":\"https:\\\/\\\/treenaturaterapias.com\\\/#website\"},\"primaryImageOfPage\":{\"@id\":\"https:\\\/\\\/treenaturaterapias.com\\\/o-papel-da-conexao-ava-no-desemprego\\\/#primaryimage\"},\"image\":{\"@id\":\"https:\\\/\\\/treenaturaterapias.com\\\/o-papel-da-conexao-ava-no-desemprego\\\/#primaryimage\"},\"thumbnailUrl\":\"https:\\\/\\\/treenaturaterapias.com\\\/wp-content\\\/uploads\\\/2017\\\/04\\\/14650281_1319236954794394_7257290387885378738_n.jpg\",\"datePublished\":\"2017-04-06T15:29:53+00:00\",\"dateModified\":\"2017-04-07T06:03:22+00:00\",\"breadcrumb\":{\"@id\":\"https:\\\/\\\/treenaturaterapias.com\\\/o-papel-da-conexao-ava-no-desemprego\\\/#breadcrumb\"},\"inLanguage\":\"fr-FR\",\"potentialAction\":[{\"@type\":\"ReadAction\",\"target\":[\"https:\\\/\\\/treenaturaterapias.com\\\/o-papel-da-conexao-ava-no-desemprego\\\/\"]}]},{\"@type\":\"ImageObject\",\"inLanguage\":\"fr-FR\",\"@id\":\"https:\\\/\\\/treenaturaterapias.com\\\/o-papel-da-conexao-ava-no-desemprego\\\/#primaryimage\",\"url\":\"https:\\\/\\\/treenaturaterapias.com\\\/wp-content\\\/uploads\\\/2017\\\/04\\\/14650281_1319236954794394_7257290387885378738_n.jpg\",\"contentUrl\":\"https:\\\/\\\/treenaturaterapias.com\\\/wp-content\\\/uploads\\\/2017\\\/04\\\/14650281_1319236954794394_7257290387885378738_n.jpg\",\"width\":960,\"height\":600},{\"@type\":\"BreadcrumbList\",\"@id\":\"https:\\\/\\\/treenaturaterapias.com\\\/o-papel-da-conexao-ava-no-desemprego\\\/#breadcrumb\",\"itemListElement\":[{\"@type\":\"ListItem\",\"position\":1,\"name\":\"In\u00edcio\",\"item\":\"https:\\\/\\\/treenaturaterapias.com\\\/\"},{\"@type\":\"ListItem\",\"position\":2,\"name\":\"O papel da Conex\u00e3o AVA no Desemprego!\"}]},{\"@type\":\"WebSite\",\"@id\":\"https:\\\/\\\/treenaturaterapias.com\\\/#website\",\"url\":\"https:\\\/\\\/treenaturaterapias.com\\\/\",\"name\":\"Tree Natura Terapias\",\"description\":\"Reconhecendo o Divino que habita em si\",\"publisher\":{\"@id\":\"https:\\\/\\\/treenaturaterapias.com\\\/#\\\/schema\\\/person\\\/267944d8880bf51dd22b9803435d65c6\"},\"potentialAction\":[{\"@type\":\"SearchAction\",\"target\":{\"@type\":\"EntryPoint\",\"urlTemplate\":\"https:\\\/\\\/treenaturaterapias.com\\\/?s={search_term_string}\"},\"query-input\":{\"@type\":\"PropertyValueSpecification\",\"valueRequired\":true,\"valueName\":\"search_term_string\"}}],\"inLanguage\":\"fr-FR\"},{\"@type\":[\"Person\",\"Organization\"],\"@id\":\"https:\\\/\\\/treenaturaterapias.com\\\/#\\\/schema\\\/person\\\/267944d8880bf51dd22b9803435d65c6\",\"name\":\"C\u00e9lia de Jesus\",\"image\":{\"@type\":\"ImageObject\",\"inLanguage\":\"fr-FR\",\"@id\":\"https:\\\/\\\/treenaturaterapias.com\\\/wp-content\\\/uploads\\\/2018\\\/09\\\/cropped-18901839_10154690353442194_1408032629_o.jpg\",\"url\":\"https:\\\/\\\/treenaturaterapias.com\\\/wp-content\\\/uploads\\\/2018\\\/09\\\/cropped-18901839_10154690353442194_1408032629_o.jpg\",\"contentUrl\":\"https:\\\/\\\/treenaturaterapias.com\\\/wp-content\\\/uploads\\\/2018\\\/09\\\/cropped-18901839_10154690353442194_1408032629_o.jpg\",\"width\":512,\"height\":512,\"caption\":\"C\u00e9lia de Jesus\"},\"logo\":{\"@id\":\"https:\\\/\\\/treenaturaterapias.com\\\/wp-content\\\/uploads\\\/2018\\\/09\\\/cropped-18901839_10154690353442194_1408032629_o.jpg\"},\"url\":\"https:\\\/\\\/treenaturaterapias.com\\\/fr\\\/author\\\/pjnogueira\\\/\"}]}<\/script>\n<!-- \/ Yoast SEO plugin. -->","yoast_head_json":{"title":"O papel da Conex\u00e3o AVA no Desemprego! - Tree Natura Terapias","robots":{"index":"index","follow":"follow","max-snippet":"max-snippet:-1","max-image-preview":"max-image-preview:large","max-video-preview":"max-video-preview:-1"},"canonical":"https:\/\/treenaturaterapias.com\/fr\/o-papel-da-conexao-ava-no-desemprego\/","og_locale":"fr_FR","og_type":"article","og_title":"O papel da Conex\u00e3o AVA no Desemprego! - Tree Natura Terapias","og_description":"Vivemos numa realidade em que cada vez h\u00e1 mais desemprego e menos oportunidade de emprego. Muitas pessoas pelo mundo inteiro viram-se obrigadas a deixar o seu local de trabalho por variad\u00edssimas raz\u00f5es, sendo assim colocadas com uma nova categoria #Desempregado. Vendo isto de uma perspectiva mais Universal, muitas destas pessoas &hellip;","og_url":"https:\/\/treenaturaterapias.com\/fr\/o-papel-da-conexao-ava-no-desemprego\/","og_site_name":"Tree Natura Terapias","article_published_time":"2017-04-06T15:29:53+00:00","article_modified_time":"2017-04-07T06:03:22+00:00","og_image":[{"width":960,"height":600,"url":"https:\/\/treenaturaterapias.com\/wp-content\/uploads\/2017\/04\/14650281_1319236954794394_7257290387885378738_n.jpg","type":"image\/jpeg"}],"author":"C\u00e9lia de Jesus","twitter_card":"summary_large_image","twitter_misc":{"\u00c9crit par":"C\u00e9lia de Jesus","Dur\u00e9e de lecture estim\u00e9e":"3 minutes"},"schema":{"@context":"https:\/\/schema.org","@graph":[{"@type":"Article","@id":"https:\/\/treenaturaterapias.com\/o-papel-da-conexao-ava-no-desemprego\/#article","isPartOf":{"@id":"https:\/\/treenaturaterapias.com\/o-papel-da-conexao-ava-no-desemprego\/"},"author":{"name":"C\u00e9lia de Jesus","@id":"https:\/\/treenaturaterapias.com\/#\/schema\/person\/267944d8880bf51dd22b9803435d65c6"},"headline":"O papel da Conex\u00e3o AVA no Desemprego!","datePublished":"2017-04-06T15:29:53+00:00","dateModified":"2017-04-07T06:03:22+00:00","mainEntityOfPage":{"@id":"https:\/\/treenaturaterapias.com\/o-papel-da-conexao-ava-no-desemprego\/"},"wordCount":601,"commentCount":0,"publisher":{"@id":"https:\/\/treenaturaterapias.com\/#\/schema\/person\/267944d8880bf51dd22b9803435d65c6"},"image":{"@id":"https:\/\/treenaturaterapias.com\/o-papel-da-conexao-ava-no-desemprego\/#primaryimage"},"thumbnailUrl":"https:\/\/treenaturaterapias.com\/wp-content\/uploads\/2017\/04\/14650281_1319236954794394_7257290387885378738_n.jpg","articleSection":["Uncategorized"],"inLanguage":"fr-FR","potentialAction":[{"@type":"CommentAction","name":"Comment","target":["https:\/\/treenaturaterapias.com\/o-papel-da-conexao-ava-no-desemprego\/#respond"]}]},{"@type":"WebPage","@id":"https:\/\/treenaturaterapias.com\/o-papel-da-conexao-ava-no-desemprego\/","url":"https:\/\/treenaturaterapias.com\/o-papel-da-conexao-ava-no-desemprego\/","name":"O papel da Conex\u00e3o AVA no Desemprego! - Tree Natura Terapias","isPartOf":{"@id":"https:\/\/treenaturaterapias.com\/#website"},"primaryImageOfPage":{"@id":"https:\/\/treenaturaterapias.com\/o-papel-da-conexao-ava-no-desemprego\/#primaryimage"},"image":{"@id":"https:\/\/treenaturaterapias.com\/o-papel-da-conexao-ava-no-desemprego\/#primaryimage"},"thumbnailUrl":"https:\/\/treenaturaterapias.com\/wp-content\/uploads\/2017\/04\/14650281_1319236954794394_7257290387885378738_n.jpg","datePublished":"2017-04-06T15:29:53+00:00","dateModified":"2017-04-07T06:03:22+00:00","breadcrumb":{"@id":"https:\/\/treenaturaterapias.com\/o-papel-da-conexao-ava-no-desemprego\/#breadcrumb"},"inLanguage":"fr-FR","potentialAction":[{"@type":"ReadAction","target":["https:\/\/treenaturaterapias.com\/o-papel-da-conexao-ava-no-desemprego\/"]}]},{"@type":"ImageObject","inLanguage":"fr-FR","@id":"https:\/\/treenaturaterapias.com\/o-papel-da-conexao-ava-no-desemprego\/#primaryimage","url":"https:\/\/treenaturaterapias.com\/wp-content\/uploads\/2017\/04\/14650281_1319236954794394_7257290387885378738_n.jpg","contentUrl":"https:\/\/treenaturaterapias.com\/wp-content\/uploads\/2017\/04\/14650281_1319236954794394_7257290387885378738_n.jpg","width":960,"height":600},{"@type":"BreadcrumbList","@id":"https:\/\/treenaturaterapias.com\/o-papel-da-conexao-ava-no-desemprego\/#breadcrumb","itemListElement":[{"@type":"ListItem","position":1,"name":"In\u00edcio","item":"https:\/\/treenaturaterapias.com\/"},{"@type":"ListItem","position":2,"name":"O papel da Conex\u00e3o AVA no Desemprego!"}]},{"@type":"WebSite","@id":"https:\/\/treenaturaterapias.com\/#website","url":"https:\/\/treenaturaterapias.com\/","name":"Tree Natura Terapias","description":"Reconhecendo o Divino que habita em si","publisher":{"@id":"https:\/\/treenaturaterapias.com\/#\/schema\/person\/267944d8880bf51dd22b9803435d65c6"},"potentialAction":[{"@type":"SearchAction","target":{"@type":"EntryPoint","urlTemplate":"https:\/\/treenaturaterapias.com\/?s={search_term_string}"},"query-input":{"@type":"PropertyValueSpecification","valueRequired":true,"valueName":"search_term_string"}}],"inLanguage":"fr-FR"},{"@type":["Person","Organization"],"@id":"https:\/\/treenaturaterapias.com\/#\/schema\/person\/267944d8880bf51dd22b9803435d65c6","name":"C\u00e9lia de Jesus","image":{"@type":"ImageObject","inLanguage":"fr-FR","@id":"https:\/\/treenaturaterapias.com\/wp-content\/uploads\/2018\/09\/cropped-18901839_10154690353442194_1408032629_o.jpg","url":"https:\/\/treenaturaterapias.com\/wp-content\/uploads\/2018\/09\/cropped-18901839_10154690353442194_1408032629_o.jpg","contentUrl":"https:\/\/treenaturaterapias.com\/wp-content\/uploads\/2018\/09\/cropped-18901839_10154690353442194_1408032629_o.jpg","width":512,"height":512,"caption":"C\u00e9lia de Jesus"},"logo":{"@id":"https:\/\/treenaturaterapias.com\/wp-content\/uploads\/2018\/09\/cropped-18901839_10154690353442194_1408032629_o.jpg"},"url":"https:\/\/treenaturaterapias.com\/fr\/author\/pjnogueira\/"}]}},"_links":{"self":[{"href":"https:\/\/treenaturaterapias.com\/fr\/wp-json\/wp\/v2\/posts\/264","targetHints":{"allow":["GET"]}}],"collection":[{"href":"https:\/\/treenaturaterapias.com\/fr\/wp-json\/wp\/v2\/posts"}],"about":[{"href":"https:\/\/treenaturaterapias.com\/fr\/wp-json\/wp\/v2\/types\/post"}],"author":[{"embeddable":true,"href":"https:\/\/treenaturaterapias.com\/fr\/wp-json\/wp\/v2\/users\/1"}],"replies":[{"embeddable":true,"href":"https:\/\/treenaturaterapias.com\/fr\/wp-json\/wp\/v2\/comments?post=264"}],"version-history":[{"count":0,"href":"https:\/\/treenaturaterapias.com\/fr\/wp-json\/wp\/v2\/posts\/264\/revisions"}],"wp:featuredmedia":[{"embeddable":true,"href":"https:\/\/treenaturaterapias.com\/fr\/wp-json\/wp\/v2\/media\/266"}],"wp:attachment":[{"href":"https:\/\/treenaturaterapias.com\/fr\/wp-json\/wp\/v2\/media?parent=264"}],"wp:term":[{"taxonomy":"category","embeddable":true,"href":"https:\/\/treenaturaterapias.com\/fr\/wp-json\/wp\/v2\/categories?post=264"},{"taxonomy":"post_tag","embeddable":true,"href":"https:\/\/treenaturaterapias.com\/fr\/wp-json\/wp\/v2\/tags?post=264"}],"curies":[{"name":"wp","href":"https:\/\/api.w.org\/{rel}","templated":true}]}}