{"id":118,"date":"2016-06-15T18:55:32","date_gmt":"2016-06-15T18:55:32","guid":{"rendered":"https:\/\/treenaturaterapias.com\/?p=118"},"modified":"2017-04-15T06:23:17","modified_gmt":"2017-04-15T06:23:17","slug":"afastar-caracteristicas-de-pessoas-felizes","status":"publish","type":"post","link":"https:\/\/treenaturaterapias.com\/fr\/afastar-caracteristicas-de-pessoas-felizes\/","title":{"rendered":"Afastar &#8211; Caracter\u00edsticas de Pessoas Infelizes!"},"content":{"rendered":"<p>Todos temos a capacidade de sermos felizes, ent\u00e3o porque n\u00e3o somos sempre ? Porque a capacidade de sermos felizes depende s\u00f3 de n\u00f3s e do nosso estado de ser, e a maioria das vezes estamos demasiado ocupados com a sociedade ou somos absorvidos por pessoas infelizes com uma carga demasiado negativa.<\/p>\n<p>A Felicidade \u00e9 um estado de esp\u00edrito e para o mantermos temos de nos focar no que nos faz sentir bem e aprender a n\u00e3o dar import\u00e2ncia ao que nos afasta do nosso caminho e ideias. Temos de aprender a identificar as situa\u00e7\u00f5es ou pessoas que nos incomodam e afastar-nos delas.<\/p>\n<p>Todos n\u00f3s j\u00e1 lidamos ou conhecemos algu\u00e9m assim, pessoas que s\u00e3o infelizes ou que fazem e preferem estar infelizes. N\u00e3o conseguem ver o lado positivo e passam a vida a queixar-se, colocando as culpas sempre no outro mais pr\u00f3ximo. Eu pr\u00f3pria lido com algumas destas pessoas nas terapias que fa\u00e7o diariamente (<a href=\"https:\/\/treenaturaterapias.com\/leitura-de-aura\/\">Leitura de aura<\/a>, <a href=\"https:\/\/treenaturaterapias.com\/conexao-ava\/\">Conex\u00e3o AVA<\/a>, <a href=\"https:\/\/treenaturaterapias.com\/tarot\/\">Tarot<\/a>, <a href=\"https:\/\/treenaturaterapias.com\/terapia-multidimensional\/\">Terapia Multidimensional<\/a>) e tento sempre que a pessoa mude a consci\u00eancia e se foque no lado positivo &#8211; felizmente os resultados s\u00e3o fant\u00e1sticos.<\/p>\n<p>Para ajudar a identificar estas pessoas deixo aqui alguns exemplos com que me deparei a minha vida inteira :<\/p>\n<ul>\n<li><strong>Sentem pena delas pr\u00f3prias<\/strong><\/li>\n<\/ul>\n<p>Estas pessoas s\u00e3o t\u00e3o infelizes que colocam qualquer um infeliz \u00e1 sua volta. Acham que t\u00eam os maiores problemas do mundo e n\u00e3o conseguem ver que existe pessoas bem piores que elas e que levam sempre um sorriso nos l\u00e1bios. Passam a vida a vitimizar-se e criam uma realidade muito negra \u00e1 sua volta.<\/p>\n<p>&nbsp;<\/p>\n<ul>\n<li><strong>S\u00f3 conseguem ver o lado negativo das coisas<\/strong><\/li>\n<\/ul>\n<p>Podem at\u00e9 nem ter problema nenhum, mas t\u00eam uma habilidade inata para ver s\u00f3 o lado negativo, e se n\u00e3o tem lado negativo elas inventam. Pedir qualquer tipo de ajuda ou conselho a uma pessoa assim \u00e9 burrice. S\u00e3o pessoas que ainda n\u00e3o perceberam que quanto mais se focam no negativo, mais ele atrai. O segredo \u00e9 fazer o contr\u00e1rio. Focar-se no positivo e criar essa realidade \u00e1 sua volta.<\/p>\n<ul>\n<li><strong>Nunca est\u00e3o satisfeitas<\/strong><\/li>\n<\/ul>\n<p>Estas s\u00e3o as t\u00edpicas pessoas invejosas, e pior, muitas delas nem se apercebem que o est\u00e3o a ser. A inveja tem um poder muito grande e muitas das vezes lidamos com ela e nem nos apercebemos. Nunca esta suficientemente bom para estas pessoas, querem sempre mais. Nada do que t\u00eam lhes chega, ent\u00e3o passam a vida a cobi\u00e7ar o alheio, seja material ou pessoal. \u00c1s vezes simples frases como \u00a0\u00bb Quem me dera ser como tu ou ter isso\u00a0\u00bb \u00e9 o suficiente. Elas nem o fazem por mal, mas a inveja come\u00e7a logo a pairar. Nesses casos temos de ter compaix\u00e3o e fazer ver a pessoas que tamb\u00e9m tem coisas boas. Se continuar na mesma energia e n\u00e3o aprender, \u00e9 para AFASTAR.<\/p>\n<p>&nbsp;<\/p>\n<ul>\n<li><strong>T\u00eam medo do futuro e vivem no passado<\/strong><\/li>\n<\/ul>\n<p>S\u00e3o pessoas que se agarram a traumas ( amorosos, familiares,&#8230;) do passado, acabando por estar sempre a mexer em feridas que j\u00e1 nem deviam existir. E o que acontece a feridas que mexemos muito \u00e9 deixar marcas e cicatrizes grandes que mais tarde para sa\u00edrem demoram muito tempo, e tem de se voltar a mexer para curar. Isto acontece muito mais do que se imagina. Estas feridas, a maioria ficam alojadas no Chakra do Cora\u00e7\u00e3o, levando a que nunca mais consigam ser totalmente livres, com medo de fracassarem outra vez ou n\u00e3o serem aceites. \u00c9 um dos Chackras\u00a0 mais dif\u00edceis de tratar e mais demorados, mas existem terapias que ajudam e curam (<a href=\"https:\/\/treenaturaterapias.com\/conexao-ava\/\">Conex\u00e3o AVA<\/a> ou <a href=\"https:\/\/treenaturaterapias.com\/terapia-multidimensional\/\">Terapia Multidimensional<\/a>), basta a pessoa querer.<\/p>\n<p>Lembrar o passado \u00e9 bom, mas viver l\u00e1 constantemente s\u00f3 faz que n\u00e3o avancemos, que continuemos a atrair sempre o mesmo tipo de situa\u00e7\u00f5es, fazendo assim que nada de novo venha para a nossa vida e leva-nos a pensar \u00a0\u00bb Porque atraio sempre isto?\u00a0\u00bb. J\u00e1 pensou fazer diferente e aceitar o novo?<\/p>\n<ul>\n<li><strong>Est\u00e3o sempre a\u00a0 Reclamar<br \/>\n<\/strong><\/li>\n<\/ul>\n<p>Estas pessoas t\u00eam o dom de p\u00f4r defeitos em tudo. Podia ser a situa\u00e7\u00e3o perfeita ou pessoa, que ela arranja maneira de p\u00f4r defeito. N\u00e3o conseguem se divertir nem aproveitar o que a vida tem para oferecer. Ir para qualquer lado com uma pessoa assim \u00e9 ter os dias arruinados. Pod\u00edamos estar no Dubai num Hotel de 7 Estrelas que esta pessoa arranjava logo um defeito. T\u00eam prazer em reclamar e vivem a colocar defeito em tudo e todos.<\/p>\n<ul>\n<li><strong>N\u00e3o confiam em Ningu\u00e9m<\/strong><\/li>\n<\/ul>\n<p>N\u00e3o conseguem criar la\u00e7os com ningu\u00e9m, essa \u00e9 uma caracter\u00edstica das pessoas felizes. As pessoas felizes sabem que todos precisamos uns dos outros, mais tarde ou mais cedo, ent\u00e3o t\u00eam sempre ajuda quando precisam.<\/p>\n<p>Ao n\u00e3o confiarem acabam por serem quase marginalizadas e acabam solit\u00e1rias, o que torna a vida destas pessoas insuport\u00e1vel, levando muitas delas ao suic\u00eddio.<\/p>\n<ul>\n<li><strong>N\u00e3o tentam Mudar<\/strong><\/li>\n<\/ul>\n<p>N\u00e3o tentam nem aceitam mudan\u00e7a. Acham que s\u00e3o umas infelizes e que a vida lhes deu um Karma t\u00e3o mau que o t\u00eam de aceitar. O <a href=\"https:\/\/treenaturaterapias.com\/karma-sera-bom-ou-mau\/\" target=\"_blank\">Karma<\/a> existe sim, mas para o superarmos, e n\u00e3o para o aceitarmos sem nada fazermos em contr\u00e1rio. T\u00eam tanta for\u00e7a para darem \u00eanfase ao <a href=\"https:\/\/treenaturaterapias.com\/karma-sera-bom-ou-mau\/\" target=\"_blank\">Karma<\/a> e nenhuma para o tentarem mudar de rumo. Preferem lamentar-se pela sua vida a tentar fazer algo diferente que possa tir\u00e1-las do seu mundinho triste e sem alegrias. N\u00e3o assumem as r\u00e9deas da pr\u00f3pria vida e sempre que algu\u00e9m o faz, elas tentam logo meter medo com as suas ideias de in\u00e9rcia perante a vida.<\/p>\n<p>&nbsp;<\/p>\n<p>Temos o dever de tentar ajudar estas pessoas, fazendo-as ver que podem ser felizes se n\u00e3o se focarem no pior. Se conseguirem ver o que j\u00e1 conquistaram at\u00e9 hoje. Temos o dever&#8230;&#8230;N\u00e3o o fardo de permitirmos que n\u00e3o queiram mudar, e que continuem sempre na mesma energia.<\/p>\n<p>Nesse caso \u00e9 AFASTAR!! S\u00f3 nos roubam energia e deixam-nos cansados, sem que nada tenhamos feito para mudar. Se querem continuar infelizes, que sejam sozinhas. N\u00f3s preferimos ser FELIZES \ud83d\ude42<\/p>\n<p>Escolhe ser Feliz, permite que os momentos maus v\u00e3o embora para SEMPRE!<\/p>\n","protected":false},"excerpt":{"rendered":"<p>Todos temos a capacidade de sermos felizes, ent\u00e3o porque n\u00e3o somos sempre ? Porque a capacidade de sermos felizes depende s\u00f3 de n\u00f3s e do nosso estado de ser, e a maioria das vezes estamos demasiado ocupados com a sociedade ou somos absorvidos por pessoas infelizes com uma carga demasiado &hellip; <\/p>\n","protected":false},"author":1,"featured_media":0,"comment_status":"open","ping_status":"open","sticky":false,"template":"","format":"standard","meta":{"_monsterinsights_skip_tracking":false,"_monsterinsights_sitenote_active":false,"_monsterinsights_sitenote_note":"","_monsterinsights_sitenote_category":0,"footnotes":""},"categories":[1],"tags":[],"class_list":["post-118","post","type-post","status-publish","format-standard","hentry","category-uncategorized"],"yoast_head":"<!-- This site is optimized with the Yoast SEO plugin v27.4 - https:\/\/yoast.com\/product\/yoast-seo-wordpress\/ -->\n<title>Afastar - Caracter\u00edsticas de Pessoas Infelizes! - Tree Natura Terapias<\/title>\n<meta name=\"robots\" content=\"index, follow, max-snippet:-1, max-image-preview:large, max-video-preview:-1\" \/>\n<link rel=\"canonical\" href=\"https:\/\/treenaturaterapias.com\/fr\/afastar-caracteristicas-de-pessoas-felizes\/\" \/>\n<meta property=\"og:locale\" content=\"fr_FR\" \/>\n<meta property=\"og:locale:alternate\" content=\"en_US\" \/>\n<meta property=\"og:locale:alternate\" content=\"pt_PT\" \/>\n<meta property=\"og:type\" content=\"article\" \/>\n<meta property=\"og:title\" content=\"Afastar - Caracter\u00edsticas de Pessoas Infelizes! - Tree Natura Terapias\" \/>\n<meta property=\"og:description\" content=\"Todos temos a capacidade de sermos felizes, ent\u00e3o porque n\u00e3o somos sempre ? Porque a capacidade de sermos felizes depende s\u00f3 de n\u00f3s e do nosso estado de ser, e a maioria das vezes estamos demasiado ocupados com a sociedade ou somos absorvidos por pessoas infelizes com uma carga demasiado &hellip;\" \/>\n<meta property=\"og:url\" content=\"https:\/\/treenaturaterapias.com\/fr\/afastar-caracteristicas-de-pessoas-felizes\/\" \/>\n<meta property=\"og:site_name\" content=\"Tree Natura Terapias\" \/>\n<meta property=\"article:published_time\" content=\"2016-06-15T18:55:32+00:00\" \/>\n<meta property=\"article:modified_time\" content=\"2017-04-15T06:23:17+00:00\" \/>\n<meta name=\"author\" content=\"C\u00e9lia de Jesus\" \/>\n<meta name=\"twitter:card\" content=\"summary_large_image\" \/>\n<meta name=\"twitter:label1\" content=\"\u00c9crit par\" \/>\n\t<meta name=\"twitter:data1\" content=\"C\u00e9lia de Jesus\" \/>\n\t<meta name=\"twitter:label2\" content=\"Dur\u00e9e de lecture estim\u00e9e\" \/>\n\t<meta name=\"twitter:data2\" content=\"5 minutes\" \/>\n<script type=\"application\/ld+json\" class=\"yoast-schema-graph\">{\"@context\":\"https:\\\/\\\/schema.org\",\"@graph\":[{\"@type\":\"Article\",\"@id\":\"https:\\\/\\\/treenaturaterapias.com\\\/afastar-caracteristicas-de-pessoas-felizes\\\/#article\",\"isPartOf\":{\"@id\":\"https:\\\/\\\/treenaturaterapias.com\\\/afastar-caracteristicas-de-pessoas-felizes\\\/\"},\"author\":{\"name\":\"C\u00e9lia de Jesus\",\"@id\":\"https:\\\/\\\/treenaturaterapias.com\\\/#\\\/schema\\\/person\\\/267944d8880bf51dd22b9803435d65c6\"},\"headline\":\"Afastar &#8211; Caracter\u00edsticas de Pessoas Infelizes!\",\"datePublished\":\"2016-06-15T18:55:32+00:00\",\"dateModified\":\"2017-04-15T06:23:17+00:00\",\"mainEntityOfPage\":{\"@id\":\"https:\\\/\\\/treenaturaterapias.com\\\/afastar-caracteristicas-de-pessoas-felizes\\\/\"},\"wordCount\":1066,\"commentCount\":2,\"publisher\":{\"@id\":\"https:\\\/\\\/treenaturaterapias.com\\\/#\\\/schema\\\/person\\\/267944d8880bf51dd22b9803435d65c6\"},\"articleSection\":[\"Uncategorized\"],\"inLanguage\":\"fr-FR\",\"potentialAction\":[{\"@type\":\"CommentAction\",\"name\":\"Comment\",\"target\":[\"https:\\\/\\\/treenaturaterapias.com\\\/afastar-caracteristicas-de-pessoas-felizes\\\/#respond\"]}]},{\"@type\":\"WebPage\",\"@id\":\"https:\\\/\\\/treenaturaterapias.com\\\/afastar-caracteristicas-de-pessoas-felizes\\\/\",\"url\":\"https:\\\/\\\/treenaturaterapias.com\\\/afastar-caracteristicas-de-pessoas-felizes\\\/\",\"name\":\"Afastar - Caracter\u00edsticas de Pessoas Infelizes! - Tree Natura Terapias\",\"isPartOf\":{\"@id\":\"https:\\\/\\\/treenaturaterapias.com\\\/#website\"},\"datePublished\":\"2016-06-15T18:55:32+00:00\",\"dateModified\":\"2017-04-15T06:23:17+00:00\",\"breadcrumb\":{\"@id\":\"https:\\\/\\\/treenaturaterapias.com\\\/afastar-caracteristicas-de-pessoas-felizes\\\/#breadcrumb\"},\"inLanguage\":\"fr-FR\",\"potentialAction\":[{\"@type\":\"ReadAction\",\"target\":[\"https:\\\/\\\/treenaturaterapias.com\\\/afastar-caracteristicas-de-pessoas-felizes\\\/\"]}]},{\"@type\":\"BreadcrumbList\",\"@id\":\"https:\\\/\\\/treenaturaterapias.com\\\/afastar-caracteristicas-de-pessoas-felizes\\\/#breadcrumb\",\"itemListElement\":[{\"@type\":\"ListItem\",\"position\":1,\"name\":\"In\u00edcio\",\"item\":\"https:\\\/\\\/treenaturaterapias.com\\\/\"},{\"@type\":\"ListItem\",\"position\":2,\"name\":\"Afastar &#8211; Caracter\u00edsticas de Pessoas Infelizes!\"}]},{\"@type\":\"WebSite\",\"@id\":\"https:\\\/\\\/treenaturaterapias.com\\\/#website\",\"url\":\"https:\\\/\\\/treenaturaterapias.com\\\/\",\"name\":\"Tree Natura Terapias\",\"description\":\"Reconhecendo o Divino que habita em si\",\"publisher\":{\"@id\":\"https:\\\/\\\/treenaturaterapias.com\\\/#\\\/schema\\\/person\\\/267944d8880bf51dd22b9803435d65c6\"},\"potentialAction\":[{\"@type\":\"SearchAction\",\"target\":{\"@type\":\"EntryPoint\",\"urlTemplate\":\"https:\\\/\\\/treenaturaterapias.com\\\/?s={search_term_string}\"},\"query-input\":{\"@type\":\"PropertyValueSpecification\",\"valueRequired\":true,\"valueName\":\"search_term_string\"}}],\"inLanguage\":\"fr-FR\"},{\"@type\":[\"Person\",\"Organization\"],\"@id\":\"https:\\\/\\\/treenaturaterapias.com\\\/#\\\/schema\\\/person\\\/267944d8880bf51dd22b9803435d65c6\",\"name\":\"C\u00e9lia de Jesus\",\"image\":{\"@type\":\"ImageObject\",\"inLanguage\":\"fr-FR\",\"@id\":\"https:\\\/\\\/treenaturaterapias.com\\\/wp-content\\\/uploads\\\/2018\\\/09\\\/cropped-18901839_10154690353442194_1408032629_o.jpg\",\"url\":\"https:\\\/\\\/treenaturaterapias.com\\\/wp-content\\\/uploads\\\/2018\\\/09\\\/cropped-18901839_10154690353442194_1408032629_o.jpg\",\"contentUrl\":\"https:\\\/\\\/treenaturaterapias.com\\\/wp-content\\\/uploads\\\/2018\\\/09\\\/cropped-18901839_10154690353442194_1408032629_o.jpg\",\"width\":512,\"height\":512,\"caption\":\"C\u00e9lia de Jesus\"},\"logo\":{\"@id\":\"https:\\\/\\\/treenaturaterapias.com\\\/wp-content\\\/uploads\\\/2018\\\/09\\\/cropped-18901839_10154690353442194_1408032629_o.jpg\"},\"url\":\"https:\\\/\\\/treenaturaterapias.com\\\/fr\\\/author\\\/pjnogueira\\\/\"}]}<\/script>\n<!-- \/ Yoast SEO plugin. -->","yoast_head_json":{"title":"Afastar - Caracter\u00edsticas de Pessoas Infelizes! - Tree Natura Terapias","robots":{"index":"index","follow":"follow","max-snippet":"max-snippet:-1","max-image-preview":"max-image-preview:large","max-video-preview":"max-video-preview:-1"},"canonical":"https:\/\/treenaturaterapias.com\/fr\/afastar-caracteristicas-de-pessoas-felizes\/","og_locale":"fr_FR","og_type":"article","og_title":"Afastar - Caracter\u00edsticas de Pessoas Infelizes! - Tree Natura Terapias","og_description":"Todos temos a capacidade de sermos felizes, ent\u00e3o porque n\u00e3o somos sempre ? Porque a capacidade de sermos felizes depende s\u00f3 de n\u00f3s e do nosso estado de ser, e a maioria das vezes estamos demasiado ocupados com a sociedade ou somos absorvidos por pessoas infelizes com uma carga demasiado &hellip;","og_url":"https:\/\/treenaturaterapias.com\/fr\/afastar-caracteristicas-de-pessoas-felizes\/","og_site_name":"Tree Natura Terapias","article_published_time":"2016-06-15T18:55:32+00:00","article_modified_time":"2017-04-15T06:23:17+00:00","author":"C\u00e9lia de Jesus","twitter_card":"summary_large_image","twitter_misc":{"\u00c9crit par":"C\u00e9lia de Jesus","Dur\u00e9e de lecture estim\u00e9e":"5 minutes"},"schema":{"@context":"https:\/\/schema.org","@graph":[{"@type":"Article","@id":"https:\/\/treenaturaterapias.com\/afastar-caracteristicas-de-pessoas-felizes\/#article","isPartOf":{"@id":"https:\/\/treenaturaterapias.com\/afastar-caracteristicas-de-pessoas-felizes\/"},"author":{"name":"C\u00e9lia de Jesus","@id":"https:\/\/treenaturaterapias.com\/#\/schema\/person\/267944d8880bf51dd22b9803435d65c6"},"headline":"Afastar &#8211; Caracter\u00edsticas de Pessoas Infelizes!","datePublished":"2016-06-15T18:55:32+00:00","dateModified":"2017-04-15T06:23:17+00:00","mainEntityOfPage":{"@id":"https:\/\/treenaturaterapias.com\/afastar-caracteristicas-de-pessoas-felizes\/"},"wordCount":1066,"commentCount":2,"publisher":{"@id":"https:\/\/treenaturaterapias.com\/#\/schema\/person\/267944d8880bf51dd22b9803435d65c6"},"articleSection":["Uncategorized"],"inLanguage":"fr-FR","potentialAction":[{"@type":"CommentAction","name":"Comment","target":["https:\/\/treenaturaterapias.com\/afastar-caracteristicas-de-pessoas-felizes\/#respond"]}]},{"@type":"WebPage","@id":"https:\/\/treenaturaterapias.com\/afastar-caracteristicas-de-pessoas-felizes\/","url":"https:\/\/treenaturaterapias.com\/afastar-caracteristicas-de-pessoas-felizes\/","name":"Afastar - Caracter\u00edsticas de Pessoas Infelizes! - Tree Natura Terapias","isPartOf":{"@id":"https:\/\/treenaturaterapias.com\/#website"},"datePublished":"2016-06-15T18:55:32+00:00","dateModified":"2017-04-15T06:23:17+00:00","breadcrumb":{"@id":"https:\/\/treenaturaterapias.com\/afastar-caracteristicas-de-pessoas-felizes\/#breadcrumb"},"inLanguage":"fr-FR","potentialAction":[{"@type":"ReadAction","target":["https:\/\/treenaturaterapias.com\/afastar-caracteristicas-de-pessoas-felizes\/"]}]},{"@type":"BreadcrumbList","@id":"https:\/\/treenaturaterapias.com\/afastar-caracteristicas-de-pessoas-felizes\/#breadcrumb","itemListElement":[{"@type":"ListItem","position":1,"name":"In\u00edcio","item":"https:\/\/treenaturaterapias.com\/"},{"@type":"ListItem","position":2,"name":"Afastar &#8211; Caracter\u00edsticas de Pessoas Infelizes!"}]},{"@type":"WebSite","@id":"https:\/\/treenaturaterapias.com\/#website","url":"https:\/\/treenaturaterapias.com\/","name":"Tree Natura Terapias","description":"Reconhecendo o Divino que habita em si","publisher":{"@id":"https:\/\/treenaturaterapias.com\/#\/schema\/person\/267944d8880bf51dd22b9803435d65c6"},"potentialAction":[{"@type":"SearchAction","target":{"@type":"EntryPoint","urlTemplate":"https:\/\/treenaturaterapias.com\/?s={search_term_string}"},"query-input":{"@type":"PropertyValueSpecification","valueRequired":true,"valueName":"search_term_string"}}],"inLanguage":"fr-FR"},{"@type":["Person","Organization"],"@id":"https:\/\/treenaturaterapias.com\/#\/schema\/person\/267944d8880bf51dd22b9803435d65c6","name":"C\u00e9lia de Jesus","image":{"@type":"ImageObject","inLanguage":"fr-FR","@id":"https:\/\/treenaturaterapias.com\/wp-content\/uploads\/2018\/09\/cropped-18901839_10154690353442194_1408032629_o.jpg","url":"https:\/\/treenaturaterapias.com\/wp-content\/uploads\/2018\/09\/cropped-18901839_10154690353442194_1408032629_o.jpg","contentUrl":"https:\/\/treenaturaterapias.com\/wp-content\/uploads\/2018\/09\/cropped-18901839_10154690353442194_1408032629_o.jpg","width":512,"height":512,"caption":"C\u00e9lia de Jesus"},"logo":{"@id":"https:\/\/treenaturaterapias.com\/wp-content\/uploads\/2018\/09\/cropped-18901839_10154690353442194_1408032629_o.jpg"},"url":"https:\/\/treenaturaterapias.com\/fr\/author\/pjnogueira\/"}]}},"_links":{"self":[{"href":"https:\/\/treenaturaterapias.com\/fr\/wp-json\/wp\/v2\/posts\/118","targetHints":{"allow":["GET"]}}],"collection":[{"href":"https:\/\/treenaturaterapias.com\/fr\/wp-json\/wp\/v2\/posts"}],"about":[{"href":"https:\/\/treenaturaterapias.com\/fr\/wp-json\/wp\/v2\/types\/post"}],"author":[{"embeddable":true,"href":"https:\/\/treenaturaterapias.com\/fr\/wp-json\/wp\/v2\/users\/1"}],"replies":[{"embeddable":true,"href":"https:\/\/treenaturaterapias.com\/fr\/wp-json\/wp\/v2\/comments?post=118"}],"version-history":[{"count":0,"href":"https:\/\/treenaturaterapias.com\/fr\/wp-json\/wp\/v2\/posts\/118\/revisions"}],"wp:attachment":[{"href":"https:\/\/treenaturaterapias.com\/fr\/wp-json\/wp\/v2\/media?parent=118"}],"wp:term":[{"taxonomy":"category","embeddable":true,"href":"https:\/\/treenaturaterapias.com\/fr\/wp-json\/wp\/v2\/categories?post=118"},{"taxonomy":"post_tag","embeddable":true,"href":"https:\/\/treenaturaterapias.com\/fr\/wp-json\/wp\/v2\/tags?post=118"}],"curies":[{"name":"wp","href":"https:\/\/api.w.org\/{rel}","templated":true}]}}