{"id":997,"date":"2019-05-05T17:04:10","date_gmt":"2019-05-05T17:04:10","guid":{"rendered":"https:\/\/treenaturaterapias.com\/?p=997"},"modified":"2019-05-05T17:04:14","modified_gmt":"2019-05-05T17:04:14","slug":"onde-se-acumula-a-energia-negativa","status":"publish","type":"post","link":"https:\/\/treenaturaterapias.com\/en\/onde-se-acumula-a-energia-negativa\/","title":{"rendered":"Onde se acumula a energia negativa?"},"content":{"rendered":"\n<p>Todos sentimos vibra\u00e7\u00f5es negativas e positivas das pessoas v\u00e1rias vezes na nossa vida. Mesmo que a ci\u00eancia ainda n\u00e3o esteja pronta para dar um nome, a energia emocional \u00e9 muito real e importante, tanto quanto  a energia t\u00e9rmica ou a energia da mat\u00e9ria.<\/p>\n\n\n\n<p><br>Bem, a energia n\u00e3o \u00e9 apenas a aura ao nosso redor que nos faz conectar a outras pessoas. N\u00e3o s\u00e3o apenas pessoas que podem lhe dar as vibra\u00e7\u00f5es positivas ou negativas;  objetos e lugares atraem essa energia e com capacidade para a fixarem e n\u00f3s podemos sentir muito mais tarde no tempo.<\/p>\n\n\n\n<p>Em algum momento da nossa vida devemos, pelo menos uma vez,  ter experimentado uma emo\u00e7\u00e3o s\u00fabita e poderosa ao entrar em uma sala. Poderia ser leve, feliz e encantadora, o que nos faria sentir bem e positivos, ou poderia ser uma sensa\u00e7\u00e3o sombria e esquisita, de algo que n\u00e3o est\u00e1 certo o que o deixou confuso e um pouco mais abatido do que antes de  entrar na sala.<\/p>\n\n\n\n<p>Parece-lhe familiar? Como eu disse, isto acontece com cada um de n\u00f3s e geralmente interpretamos isso como uma imagina\u00e7\u00e3o ou, de alguma forma, encontramos uma desculpa l\u00f3gica que pode explicar a sensa\u00e7\u00e3o s\u00fabita e avassaladora. Mas a verdade \u00e9 que essa experi\u00eancia n\u00e3o \u00e9 uma inven\u00e7\u00e3o da nossa imagina\u00e7\u00e3o e n\u00e3o acontece porque houve &#8220;algo n\u00e3o muito certo com o caf\u00e9 da manh\u00e3&#8221;.<\/p>\n\n\n\n<p>O que voc\u00ea experiencia nesses casos \u00e9 a energia residual que se prende aos objectos. Parece um pouco louco? Como a energia pode ficar presa \u00e0s coisas? Mas voc\u00ea sabia que objectos inanimados, pessoas e at\u00e9 mesmo espa\u00e7os vazios podem reter energia, ou melhor, o res\u00edduo da energia original que era sentida nas proximidades? A energia pode se ligar a qualquer coisa e a qualquer um e pode permanecer l\u00e1 por muitos anos, a menos que seja purificada.<\/p>\n\n\n\n<p>Da mesma forma, pode nem se aperceber, mas existe a possibilidade de que muita energia velha, energia negativa, esteja presa dentro da sua casa e n\u00e3o seja limpa \u00e1 imenso tempo e esteja presa ali. Ela continua a atuar sobre si e sua fam\u00edlia e isso s\u00f3 criou energia ainda mais negativa. \u00c9 uma bola de neve<\/p>\n\n\n\n<p>Ali\u00e1s essa energia at\u00e9 poderia ter sido sua, quando voc\u00ea h\u00e1 muito tempo estava sob muito stress do trabalho e a &#8220;atacar&#8221; tudo o que se movia em duas pernas, ou essa energia residual poderia pertencer ao casal que ocupou aquele espa\u00e7o antes de si. Como mencionado anteriormente, pode durar anos e anos se n\u00e3o for limpo. Ent\u00e3o, como podemos fazer essa energia se ir embora?<\/p>\n\n\n\n<p>Foi demonstrado com sucesso que nossa energia emocional tem um efeito concreto e regist\u00e1vel na \u00e1gua. Quando gritamos para nossos entes queridos, nossa energia negativa impacta a \u00e1gua em seu corpo, ent\u00e3o voc\u00ea pode querer evitar fazer isso no futuro. De qualquer forma, a partir desse conhecimento, pode fazer um experimento simples para testar a energia ruim da sua casa.<\/p>\n\n\n\n<p>Voc\u00ea s\u00f3 precisa, 2 colheres de sopa de vinagre branco e sal granulado e um copo de \u00e1gua. Basta misturar tudo bem por pelo menos um minuto em um copo e deix\u00e1-lo em algum lugar onde voc\u00ea passa a maior parte do tempo.<\/p>\n\n\n\n<p>Por vezes no mesmo dia j\u00e1 ter\u00e1 l\u00e1 a prova. Caso contr\u00e1rio espere uma semana. <\/p>\n\n\n\n<p>E n\u00e3o se trata de nenhuma reac\u00e7\u00e3o qu\u00edmica entre estes ingredientes, mas sim uma reac\u00e7\u00e3o espiritual. Se ainda assim duvidar&#8230;&#8230;. o Universo provar\u00e1 de outra forma.<\/p>\n\n\n\n<h4 class=\"wp-block-heading\">Como limpar?<\/h4>\n\n\n\n<p>No meu artigo <a href=\"https:\/\/treenaturaterapias.com\/a-arte-da-protecao-espiritual-11-tecnicas-para-eliminar-a-energia-negativa\/\">A Arte da Protec\u00e7\u00e3o Espiritual: 11 T\u00e9cnicas para Eliminar a Energia Negativa <\/a>encontrar\u00e1 v\u00e1rias dicas para essa sua nova jornada. <\/p>\n\n\n\n<p>Claro que todas estas pr\u00e1ticas s\u00e3o importantes mas s\u00e3o apenas aux\u00edlios e n\u00e3o o principal. Se estiver numa sintonia mais positiva e purificada o tempo todo, n\u00e3o precisar\u00e1 de quase nada para protec\u00e7\u00e3o. Esforce-se para melhorar os seu interior e<a rel=\"noreferrer noopener\" aria-label=\" karmas (abre num novo separador)\" href=\"https:\/\/treenaturaterapias.com\/karma-sera-bom-ou-mau\/\" target=\"_blank\"> karmas<\/a> negativos mais e mais atrav\u00e9s de aumento de consci\u00eancia e paz interior, terapias alternativas ( <a rel=\"noreferrer noopener\" href=\"https:\/\/treenaturaterapias.com\/conexao-ava\/\" target=\"_blank\">Conex\u00e3o AVA<\/a>,\u00a0<a rel=\"noreferrer noopener\" href=\"https:\/\/treenaturaterapias.com\/leitura-de-aura-de-relacionamentos\/\" target=\"_blank\">leitura de aura de relacionamentos<\/a>,\u00a0<a rel=\"noreferrer noopener\" href=\"https:\/\/treenaturaterapias.com\/leitura-de-aura-prosperidade\/\" target=\"_blank\">leitura de aura de prosperidade<\/a>,\u00a0<a rel=\"noreferrer noopener\" href=\"https:\/\/treenaturaterapias.com\/leitura-de-aura-tematica\/\" target=\"_blank\">leitura de aura tem\u00e1tica,<\/a><a rel=\"noreferrer noopener\" href=\"https:\/\/treenaturaterapias.com\/tarot\/\" target=\"_blank\">Tarot,\u00a0<\/a><a rel=\"noreferrer noopener\" href=\"https:\/\/treenaturaterapias.com\/curso-terapia-multidimensional\/\" target=\"_blank\">Terapia Multidimensional<\/a>, <a rel=\"noreferrer noopener\" href=\"https:\/\/treenaturaterapias.com\/curso-terapia-multidimensional\/\" target=\"_blank\">curso Terapia Multidimensiona<\/a>l, <a rel=\"noreferrer noopener\" href=\"https:\/\/treenaturaterapias.com\/curso-de-reiki-tradicional\/\" target=\"_blank\">curso de reiki<\/a>), retiros( <a rel=\"noreferrer noopener\" href=\"https:\/\/treenaturaterapias.com\/iboga-retiro-em-portugal\/\" target=\"_blank\">retiro de Iboga<\/a>), <a rel=\"noreferrer noopener\" href=\"https:\/\/www.paulonogueiraterapias.com\/meditacao-om\/\" target=\"_blank\">medita\u00e7\u00e3o<\/a>, <a rel=\"noreferrer noopener\" href=\"https:\/\/treenaturaterapias.com\/kundalini-yoga\/\" target=\"_blank\">yoga<\/a> ou outras t\u00e9cnicas que lhe tragam alegria com evolu\u00e7\u00e3o e conhecimento <\/p>\n\n\n\n<p><\/p>\n","protected":false},"excerpt":{"rendered":"<p>Todos sentimos vibra\u00e7\u00f5es negativas e positivas das pessoas v\u00e1rias vezes na nossa vida. Mesmo que a ci\u00eancia ainda n\u00e3o esteja pronta para dar um nome, a energia emocional \u00e9 muito real e importante, tanto quanto a energia t\u00e9rmica ou a energia da mat\u00e9ria. Bem, a energia n\u00e3o \u00e9 apenas a &hellip; <\/p>\n","protected":false},"author":1,"featured_media":1001,"comment_status":"open","ping_status":"open","sticky":false,"template":"","format":"standard","meta":{"_monsterinsights_skip_tracking":false,"_monsterinsights_sitenote_active":false,"_monsterinsights_sitenote_note":"","_monsterinsights_sitenote_category":0,"footnotes":""},"categories":[1],"tags":[113,111,112],"class_list":["post-997","post","type-post","status-publish","format-standard","has-post-thumbnail","hentry","category-uncategorized","tag-como-me-proteger","tag-energia-negativa","tag-tecnicas-de-limpeza-energetica"],"yoast_head":"<!-- This site is optimized with the Yoast SEO plugin v27.4 - https:\/\/yoast.com\/product\/yoast-seo-wordpress\/ -->\n<title>Onde se acumula a energia negativa?<\/title>\n<meta name=\"robots\" content=\"index, follow, max-snippet:-1, max-image-preview:large, max-video-preview:-1\" \/>\n<link rel=\"canonical\" href=\"https:\/\/treenaturaterapias.com\/en\/onde-se-acumula-a-energia-negativa\/\" \/>\n<meta property=\"og:locale\" content=\"en_US\" \/>\n<meta property=\"og:locale:alternate\" content=\"pt_PT\" \/>\n<meta property=\"og:locale:alternate\" content=\"fr_FR\" \/>\n<meta property=\"og:type\" content=\"article\" \/>\n<meta property=\"og:title\" content=\"Onde se acumula a energia negativa?\" \/>\n<meta property=\"og:description\" content=\"Todos sentimos vibra\u00e7\u00f5es negativas e positivas das pessoas v\u00e1rias vezes na nossa vida. Mesmo que a ci\u00eancia ainda n\u00e3o esteja pronta para dar um nome, a energia emocional \u00e9 muito real e importante, tanto quanto a energia t\u00e9rmica ou a energia da mat\u00e9ria. Bem, a energia n\u00e3o \u00e9 apenas a &hellip;\" \/>\n<meta property=\"og:url\" content=\"https:\/\/treenaturaterapias.com\/en\/onde-se-acumula-a-energia-negativa\/\" \/>\n<meta property=\"og:site_name\" content=\"Tree Natura Terapias\" \/>\n<meta property=\"article:published_time\" content=\"2019-05-05T17:04:10+00:00\" \/>\n<meta property=\"article:modified_time\" content=\"2019-05-05T17:04:14+00:00\" \/>\n<meta property=\"og:image\" content=\"https:\/\/treenaturaterapias.com\/wp-content\/uploads\/2019\/05\/Onde-se-acumula-a-energia-negativa_.png\" \/>\n\t<meta property=\"og:image:width\" content=\"1080\" \/>\n\t<meta property=\"og:image:height\" content=\"1080\" \/>\n\t<meta property=\"og:image:type\" content=\"image\/png\" \/>\n<meta name=\"author\" content=\"C\u00e9lia de Jesus\" \/>\n<meta name=\"twitter:card\" content=\"summary_large_image\" \/>\n<meta name=\"twitter:label1\" content=\"Written by\" \/>\n\t<meta name=\"twitter:data1\" content=\"C\u00e9lia de Jesus\" \/>\n\t<meta name=\"twitter:label2\" content=\"Est. reading time\" \/>\n\t<meta name=\"twitter:data2\" content=\"4 minutes\" \/>\n<script type=\"application\/ld+json\" class=\"yoast-schema-graph\">{\"@context\":\"https:\\\/\\\/schema.org\",\"@graph\":[{\"@type\":\"Article\",\"@id\":\"https:\\\/\\\/treenaturaterapias.com\\\/onde-se-acumula-a-energia-negativa\\\/#article\",\"isPartOf\":{\"@id\":\"https:\\\/\\\/treenaturaterapias.com\\\/onde-se-acumula-a-energia-negativa\\\/\"},\"author\":{\"name\":\"C\u00e9lia de Jesus\",\"@id\":\"https:\\\/\\\/treenaturaterapias.com\\\/#\\\/schema\\\/person\\\/267944d8880bf51dd22b9803435d65c6\"},\"headline\":\"Onde se acumula a energia negativa?\",\"datePublished\":\"2019-05-05T17:04:10+00:00\",\"dateModified\":\"2019-05-05T17:04:14+00:00\",\"mainEntityOfPage\":{\"@id\":\"https:\\\/\\\/treenaturaterapias.com\\\/onde-se-acumula-a-energia-negativa\\\/\"},\"wordCount\":751,\"commentCount\":0,\"publisher\":{\"@id\":\"https:\\\/\\\/treenaturaterapias.com\\\/#\\\/schema\\\/person\\\/267944d8880bf51dd22b9803435d65c6\"},\"image\":{\"@id\":\"https:\\\/\\\/treenaturaterapias.com\\\/onde-se-acumula-a-energia-negativa\\\/#primaryimage\"},\"thumbnailUrl\":\"https:\\\/\\\/treenaturaterapias.com\\\/wp-content\\\/uploads\\\/2019\\\/05\\\/Onde-se-acumula-a-energia-negativa_.png\",\"keywords\":[\"como me proteger\",\"energia negativa\",\"tecnicas de limpeza energ\u00e9tica\"],\"inLanguage\":\"en-US\",\"potentialAction\":[{\"@type\":\"CommentAction\",\"name\":\"Comment\",\"target\":[\"https:\\\/\\\/treenaturaterapias.com\\\/onde-se-acumula-a-energia-negativa\\\/#respond\"]}]},{\"@type\":\"WebPage\",\"@id\":\"https:\\\/\\\/treenaturaterapias.com\\\/onde-se-acumula-a-energia-negativa\\\/\",\"url\":\"https:\\\/\\\/treenaturaterapias.com\\\/onde-se-acumula-a-energia-negativa\\\/\",\"name\":\"Onde se acumula a energia negativa?\",\"isPartOf\":{\"@id\":\"https:\\\/\\\/treenaturaterapias.com\\\/#website\"},\"primaryImageOfPage\":{\"@id\":\"https:\\\/\\\/treenaturaterapias.com\\\/onde-se-acumula-a-energia-negativa\\\/#primaryimage\"},\"image\":{\"@id\":\"https:\\\/\\\/treenaturaterapias.com\\\/onde-se-acumula-a-energia-negativa\\\/#primaryimage\"},\"thumbnailUrl\":\"https:\\\/\\\/treenaturaterapias.com\\\/wp-content\\\/uploads\\\/2019\\\/05\\\/Onde-se-acumula-a-energia-negativa_.png\",\"datePublished\":\"2019-05-05T17:04:10+00:00\",\"dateModified\":\"2019-05-05T17:04:14+00:00\",\"breadcrumb\":{\"@id\":\"https:\\\/\\\/treenaturaterapias.com\\\/onde-se-acumula-a-energia-negativa\\\/#breadcrumb\"},\"inLanguage\":\"en-US\",\"potentialAction\":[{\"@type\":\"ReadAction\",\"target\":[\"https:\\\/\\\/treenaturaterapias.com\\\/onde-se-acumula-a-energia-negativa\\\/\"]}]},{\"@type\":\"ImageObject\",\"inLanguage\":\"en-US\",\"@id\":\"https:\\\/\\\/treenaturaterapias.com\\\/onde-se-acumula-a-energia-negativa\\\/#primaryimage\",\"url\":\"https:\\\/\\\/treenaturaterapias.com\\\/wp-content\\\/uploads\\\/2019\\\/05\\\/Onde-se-acumula-a-energia-negativa_.png\",\"contentUrl\":\"https:\\\/\\\/treenaturaterapias.com\\\/wp-content\\\/uploads\\\/2019\\\/05\\\/Onde-se-acumula-a-energia-negativa_.png\",\"width\":1080,\"height\":1080,\"caption\":\"Onde se acumula a energia negativa\"},{\"@type\":\"BreadcrumbList\",\"@id\":\"https:\\\/\\\/treenaturaterapias.com\\\/onde-se-acumula-a-energia-negativa\\\/#breadcrumb\",\"itemListElement\":[{\"@type\":\"ListItem\",\"position\":1,\"name\":\"In\u00edcio\",\"item\":\"https:\\\/\\\/treenaturaterapias.com\\\/\"},{\"@type\":\"ListItem\",\"position\":2,\"name\":\"Onde se acumula a energia negativa?\"}]},{\"@type\":\"WebSite\",\"@id\":\"https:\\\/\\\/treenaturaterapias.com\\\/#website\",\"url\":\"https:\\\/\\\/treenaturaterapias.com\\\/\",\"name\":\"Tree Natura Terapias\",\"description\":\"Reconhecendo o Divino que habita em si\",\"publisher\":{\"@id\":\"https:\\\/\\\/treenaturaterapias.com\\\/#\\\/schema\\\/person\\\/267944d8880bf51dd22b9803435d65c6\"},\"potentialAction\":[{\"@type\":\"SearchAction\",\"target\":{\"@type\":\"EntryPoint\",\"urlTemplate\":\"https:\\\/\\\/treenaturaterapias.com\\\/?s={search_term_string}\"},\"query-input\":{\"@type\":\"PropertyValueSpecification\",\"valueRequired\":true,\"valueName\":\"search_term_string\"}}],\"inLanguage\":\"en-US\"},{\"@type\":[\"Person\",\"Organization\"],\"@id\":\"https:\\\/\\\/treenaturaterapias.com\\\/#\\\/schema\\\/person\\\/267944d8880bf51dd22b9803435d65c6\",\"name\":\"C\u00e9lia de Jesus\",\"image\":{\"@type\":\"ImageObject\",\"inLanguage\":\"en-US\",\"@id\":\"https:\\\/\\\/treenaturaterapias.com\\\/wp-content\\\/uploads\\\/2018\\\/09\\\/cropped-18901839_10154690353442194_1408032629_o.jpg\",\"url\":\"https:\\\/\\\/treenaturaterapias.com\\\/wp-content\\\/uploads\\\/2018\\\/09\\\/cropped-18901839_10154690353442194_1408032629_o.jpg\",\"contentUrl\":\"https:\\\/\\\/treenaturaterapias.com\\\/wp-content\\\/uploads\\\/2018\\\/09\\\/cropped-18901839_10154690353442194_1408032629_o.jpg\",\"width\":512,\"height\":512,\"caption\":\"C\u00e9lia de Jesus\"},\"logo\":{\"@id\":\"https:\\\/\\\/treenaturaterapias.com\\\/wp-content\\\/uploads\\\/2018\\\/09\\\/cropped-18901839_10154690353442194_1408032629_o.jpg\"},\"url\":\"https:\\\/\\\/treenaturaterapias.com\\\/en\\\/author\\\/pjnogueira\\\/\"}]}<\/script>\n<!-- \/ Yoast SEO plugin. -->","yoast_head_json":{"title":"Onde se acumula a energia negativa?","robots":{"index":"index","follow":"follow","max-snippet":"max-snippet:-1","max-image-preview":"max-image-preview:large","max-video-preview":"max-video-preview:-1"},"canonical":"https:\/\/treenaturaterapias.com\/en\/onde-se-acumula-a-energia-negativa\/","og_locale":"en_US","og_type":"article","og_title":"[:pt]Onde se acumula a energia negativa?[:] - Tree Natura Terapias","og_description":"Todos sentimos vibra\u00e7\u00f5es negativas e positivas das pessoas v\u00e1rias vezes na nossa vida. Mesmo que a ci\u00eancia ainda n\u00e3o esteja pronta para dar um nome, a energia emocional \u00e9 muito real e importante, tanto quanto a energia t\u00e9rmica ou a energia da mat\u00e9ria. Bem, a energia n\u00e3o \u00e9 apenas a &hellip;","og_url":"https:\/\/treenaturaterapias.com\/en\/onde-se-acumula-a-energia-negativa\/","og_site_name":"Tree Natura Terapias","article_published_time":"2019-05-05T17:04:10+00:00","article_modified_time":"2019-05-05T17:04:14+00:00","og_image":[{"width":1080,"height":1080,"url":"https:\/\/treenaturaterapias.com\/wp-content\/uploads\/2019\/05\/Onde-se-acumula-a-energia-negativa_.png","type":"image\/png"}],"author":"C\u00e9lia de Jesus","twitter_card":"summary_large_image","twitter_misc":{"Written by":"C\u00e9lia de Jesus","Est. reading time":"4 minutes"},"schema":{"@context":"https:\/\/schema.org","@graph":[{"@type":"Article","@id":"https:\/\/treenaturaterapias.com\/onde-se-acumula-a-energia-negativa\/#article","isPartOf":{"@id":"https:\/\/treenaturaterapias.com\/onde-se-acumula-a-energia-negativa\/"},"author":{"name":"C\u00e9lia de Jesus","@id":"https:\/\/treenaturaterapias.com\/#\/schema\/person\/267944d8880bf51dd22b9803435d65c6"},"headline":"Onde se acumula a energia negativa?","datePublished":"2019-05-05T17:04:10+00:00","dateModified":"2019-05-05T17:04:14+00:00","mainEntityOfPage":{"@id":"https:\/\/treenaturaterapias.com\/onde-se-acumula-a-energia-negativa\/"},"wordCount":751,"commentCount":0,"publisher":{"@id":"https:\/\/treenaturaterapias.com\/#\/schema\/person\/267944d8880bf51dd22b9803435d65c6"},"image":{"@id":"https:\/\/treenaturaterapias.com\/onde-se-acumula-a-energia-negativa\/#primaryimage"},"thumbnailUrl":"https:\/\/treenaturaterapias.com\/wp-content\/uploads\/2019\/05\/Onde-se-acumula-a-energia-negativa_.png","keywords":["como me proteger","energia negativa","tecnicas de limpeza energ\u00e9tica"],"inLanguage":"en-US","potentialAction":[{"@type":"CommentAction","name":"Comment","target":["https:\/\/treenaturaterapias.com\/onde-se-acumula-a-energia-negativa\/#respond"]}]},{"@type":"WebPage","@id":"https:\/\/treenaturaterapias.com\/onde-se-acumula-a-energia-negativa\/","url":"https:\/\/treenaturaterapias.com\/onde-se-acumula-a-energia-negativa\/","name":"Onde se acumula a energia negativa?","isPartOf":{"@id":"https:\/\/treenaturaterapias.com\/#website"},"primaryImageOfPage":{"@id":"https:\/\/treenaturaterapias.com\/onde-se-acumula-a-energia-negativa\/#primaryimage"},"image":{"@id":"https:\/\/treenaturaterapias.com\/onde-se-acumula-a-energia-negativa\/#primaryimage"},"thumbnailUrl":"https:\/\/treenaturaterapias.com\/wp-content\/uploads\/2019\/05\/Onde-se-acumula-a-energia-negativa_.png","datePublished":"2019-05-05T17:04:10+00:00","dateModified":"2019-05-05T17:04:14+00:00","breadcrumb":{"@id":"https:\/\/treenaturaterapias.com\/onde-se-acumula-a-energia-negativa\/#breadcrumb"},"inLanguage":"en-US","potentialAction":[{"@type":"ReadAction","target":["https:\/\/treenaturaterapias.com\/onde-se-acumula-a-energia-negativa\/"]}]},{"@type":"ImageObject","inLanguage":"en-US","@id":"https:\/\/treenaturaterapias.com\/onde-se-acumula-a-energia-negativa\/#primaryimage","url":"https:\/\/treenaturaterapias.com\/wp-content\/uploads\/2019\/05\/Onde-se-acumula-a-energia-negativa_.png","contentUrl":"https:\/\/treenaturaterapias.com\/wp-content\/uploads\/2019\/05\/Onde-se-acumula-a-energia-negativa_.png","width":1080,"height":1080,"caption":"Onde se acumula a energia negativa"},{"@type":"BreadcrumbList","@id":"https:\/\/treenaturaterapias.com\/onde-se-acumula-a-energia-negativa\/#breadcrumb","itemListElement":[{"@type":"ListItem","position":1,"name":"In\u00edcio","item":"https:\/\/treenaturaterapias.com\/"},{"@type":"ListItem","position":2,"name":"Onde se acumula a energia negativa?"}]},{"@type":"WebSite","@id":"https:\/\/treenaturaterapias.com\/#website","url":"https:\/\/treenaturaterapias.com\/","name":"Tree Natura Terapias","description":"Reconhecendo o Divino que habita em si","publisher":{"@id":"https:\/\/treenaturaterapias.com\/#\/schema\/person\/267944d8880bf51dd22b9803435d65c6"},"potentialAction":[{"@type":"SearchAction","target":{"@type":"EntryPoint","urlTemplate":"https:\/\/treenaturaterapias.com\/?s={search_term_string}"},"query-input":{"@type":"PropertyValueSpecification","valueRequired":true,"valueName":"search_term_string"}}],"inLanguage":"en-US"},{"@type":["Person","Organization"],"@id":"https:\/\/treenaturaterapias.com\/#\/schema\/person\/267944d8880bf51dd22b9803435d65c6","name":"C\u00e9lia de Jesus","image":{"@type":"ImageObject","inLanguage":"en-US","@id":"https:\/\/treenaturaterapias.com\/wp-content\/uploads\/2018\/09\/cropped-18901839_10154690353442194_1408032629_o.jpg","url":"https:\/\/treenaturaterapias.com\/wp-content\/uploads\/2018\/09\/cropped-18901839_10154690353442194_1408032629_o.jpg","contentUrl":"https:\/\/treenaturaterapias.com\/wp-content\/uploads\/2018\/09\/cropped-18901839_10154690353442194_1408032629_o.jpg","width":512,"height":512,"caption":"C\u00e9lia de Jesus"},"logo":{"@id":"https:\/\/treenaturaterapias.com\/wp-content\/uploads\/2018\/09\/cropped-18901839_10154690353442194_1408032629_o.jpg"},"url":"https:\/\/treenaturaterapias.com\/en\/author\/pjnogueira\/"}]}},"_links":{"self":[{"href":"https:\/\/treenaturaterapias.com\/en\/wp-json\/wp\/v2\/posts\/997","targetHints":{"allow":["GET"]}}],"collection":[{"href":"https:\/\/treenaturaterapias.com\/en\/wp-json\/wp\/v2\/posts"}],"about":[{"href":"https:\/\/treenaturaterapias.com\/en\/wp-json\/wp\/v2\/types\/post"}],"author":[{"embeddable":true,"href":"https:\/\/treenaturaterapias.com\/en\/wp-json\/wp\/v2\/users\/1"}],"replies":[{"embeddable":true,"href":"https:\/\/treenaturaterapias.com\/en\/wp-json\/wp\/v2\/comments?post=997"}],"version-history":[{"count":0,"href":"https:\/\/treenaturaterapias.com\/en\/wp-json\/wp\/v2\/posts\/997\/revisions"}],"wp:featuredmedia":[{"embeddable":true,"href":"https:\/\/treenaturaterapias.com\/en\/wp-json\/wp\/v2\/media\/1001"}],"wp:attachment":[{"href":"https:\/\/treenaturaterapias.com\/en\/wp-json\/wp\/v2\/media?parent=997"}],"wp:term":[{"taxonomy":"category","embeddable":true,"href":"https:\/\/treenaturaterapias.com\/en\/wp-json\/wp\/v2\/categories?post=997"},{"taxonomy":"post_tag","embeddable":true,"href":"https:\/\/treenaturaterapias.com\/en\/wp-json\/wp\/v2\/tags?post=997"}],"curies":[{"name":"wp","href":"https:\/\/api.w.org\/{rel}","templated":true}]}}