{"id":890,"date":"2019-01-05T19:59:16","date_gmt":"2019-01-05T19:59:16","guid":{"rendered":"https:\/\/treenaturaterapias.com\/?p=890"},"modified":"2019-01-08T14:38:28","modified_gmt":"2019-01-08T14:38:28","slug":"ano-novo-vida-nova","status":"publish","type":"post","link":"https:\/\/treenaturaterapias.com\/en\/ano-novo-vida-nova\/","title":{"rendered":"Ano novo, Vida Nova!"},"content":{"rendered":"\n<p>NOVO, uma palavra interessante pois inclui toda a ess\u00eancia de Nascer de nOVO. Isto quer dizer que \u00e9 poss\u00edvel quebrar essa casca que o mant\u00e9m aprisionado. Que n\u00e3o o deixa ver para al\u00e9m dos seus limites.<\/p>\n\n\n\n<p>Quando dizemos novo, estaremos realmente a querer vivenciar isso, ou estaremos apenas a comemorar mais um ano de velhos padr\u00f5es repetitivos, velhos h\u00e1bitos negativos e apegos exagerados?<\/p>\n\n\n\n<p>Todos sabemos que o dia 1 de Janeiro, \u00e9 apenas mais um dia com o Sol no mesmo sitio e tudo no mesmo lugar. <\/p>\n\n\n\n<p>Quando se disponibiliza para preparar toda uma festa, a roupa que vai levar, onde vai passar esse dia t\u00e3o especial e com quem vai passar&#8230;&#8230; ser\u00e1 que est\u00e1 realmente a festejar a mudan\u00e7a de si num novo ano ou apenas a iludir mais um pouco e a atrasar o seu Novo Eu?<\/p>\n\n\n\n<p>Quero apenas que tenha no\u00e7\u00e3o que n\u00e3o existe novo ano se n\u00e3o existir um novo voc\u00ea. Tudo ficar\u00e1 exactamente no mesmo sitio se as atitudes, falas e gestos forem os mesmos, trazendo com isto mais decep\u00e7\u00e3o acumulada aos anos anteriores.<\/p>\n\n\n\n<p class=\"has-text-color has-pale-cyan-blue-color\"><em><strong>&#8221; Se quer resultados diferentes, tenha atitudes diferentes&#8221;<\/strong><\/em><\/p>\n\n\n\n<p>No final voc\u00ea ser\u00e1 apenas um corpo andante com <a rel=\"noreferrer noopener\" aria-label=\"Karma (opens in a new tab)\" href=\"https:\/\/treenaturaterapias.com\/karma-sera-bom-ou-mau\/\" target=\"_blank\">Karma<\/a> acumulado de vidas passadas e das constantes decep\u00e7\u00f5es que passam ano ap\u00f3s ano. Quer realmente viver com esse peso? Quer realmente ignorar o direito que tem \u00e1 prospriedade que lhe foi poss\u00edvel ter nesta vida?<\/p>\n\n\n\n<p><\/p>\n\n\n\n<p><em><strong>Mas ent\u00e3o como aceitar um novo eu?<\/strong><\/em><\/p>\n\n\n\n<p>Primeiro tem de o construir. Maioria de n\u00f3s n\u00e3o sabe viver. T\u00eam a no\u00e7\u00e3o errada que viver \u00e9 aprender a ter um emprego, tirar um curso, ter uma casa e depois uma fam\u00edlia e acabou.<\/p>\n\n\n\n<p>Isto n\u00e3o \u00e9 viver. \u00c9 entreter a vida.<\/p>\n\n\n\n<p>Viver come\u00e7a dentro de n\u00f3s quando nos sentimos motivados e com vontade de vivenciar tudo \u00e1 nossa volta. Quando sentimos paix\u00e3o que nos faz percorrer o mundo com um sorriso nos l\u00e1bios. J\u00e1 sentiu isso com certeza.<\/p>\n\n\n\n<p>Nessas fases por vezes nem temos nada material que realmente justifique, mas a nossa alma alegra-se por termos dado um passo diferente e sermos recompensados por isso.<\/p>\n\n\n\n<p>Essa \u00e9 a energia da vida e come\u00e7a dentro de si. Tudo o resto vem por acr\u00e9scimo. <\/p>\n\n\n\n<p>Voc\u00ea \u00e9 o centro de Tudo e enquanto n\u00e3o aprender a viver, n\u00e3o poder\u00e1 saber o que \u00e9 a vida constantemente. Saber\u00e1 apenas em alguns momentos e com pouca dura\u00e7\u00e3o.<\/p>\n\n\n\n<p>Para aprender a viver, voc\u00ea precisa saber quem \u00e9, e como lidar com as suas emo\u00e7\u00f5es, <a rel=\"noreferrer noopener\" aria-label=\"karmas (opens in a new tab)\" href=\"https:\/\/treenaturaterapias.com\/karma-sera-bom-ou-mau\/\" target=\"_blank\">karmas<\/a>, desilus\u00f5es, <a rel=\"noreferrer noopener\" aria-label=\"ego (opens in a new tab)\" href=\"https:\/\/treenaturaterapias.com\/doenca-invisivel-o-ego\/\" target=\"_blank\">ego<\/a>, <a rel=\"noreferrer noopener\" aria-label=\"relacionamentos (opens in a new tab)\" href=\"https:\/\/treenaturaterapias.com\/relacionamento-karmico\/\" target=\"_blank\">relacionamentos<\/a>&#8230;..<\/p>\n\n\n\n<p>Precisa de ir para a faculdade com o curso superior &#8220;quem sou eu&#8221;.<\/p>\n\n\n\n<p>Buda dizia &#8221; mente pura, Mundo Puro&#8221;, porque \u00e9 apenas quando voc\u00ea medita sobre as suas ac\u00e7\u00f5es, palavras e pensamentos, que se come\u00e7a realmente a conhecer-se.<\/p>\n\n\n\n<figure class=\"wp-block-image\"><img loading=\"lazy\" decoding=\"async\" width=\"940\" height=\"788\" src=\"https:\/\/treenaturaterapias.com\/wp-content\/uploads\/2019\/01\/birthday-1.png\" alt=\"\" class=\"wp-image-892\" srcset=\"https:\/\/treenaturaterapias.com\/wp-content\/uploads\/2019\/01\/birthday-1.png 940w, https:\/\/treenaturaterapias.com\/wp-content\/uploads\/2019\/01\/birthday-1-300x251.png 300w, https:\/\/treenaturaterapias.com\/wp-content\/uploads\/2019\/01\/birthday-1-768x644.png 768w\" sizes=\"auto, (max-width: 940px) 100vw, 940px\" \/><\/figure>\n\n\n\n<p>Ser\u00e1 que voc\u00ea acha que reagir mal constantemente a tudo \u00e9 viver?<\/p>\n\n\n\n<p>Ser\u00e1 que voc\u00ea acha que sofrer por antecipa\u00e7\u00e3o \u00e9 viver?<\/p>\n\n\n\n<p>Ser\u00e1 que voc\u00ea acha que estar em constante tristeza \u00e9 viver?<\/p>\n\n\n\n<p>Ser\u00e1 que voc\u00ea acha que viver dependente de emo\u00e7\u00f5es e pessoas \u00e9 viver?<\/p>\n\n\n\n<p>Tudo isto \u00e9 muito bonito de se dizer e eu n\u00e3o sou a primeira e escrever sobre este assunto, mas e como come\u00e7ar?<\/p>\n\n\n\n<p>Mais uma vez tudo come\u00e7a dentro e aviso desde j\u00e1 que n\u00e3o \u00e9 f\u00e1cil. Se n\u00e3o quiser realmente mudar, nem comece e continue na mesma ilus\u00e3o. Uma vez accionado o bot\u00e3o de arranque, N\u00c3O PODE PARAR.<\/p>\n\n\n\n<p>A minha hist\u00f3ria \u00e9 apenas uma entre tantas outras, mas que um dia teve de come\u00e7ar. E come\u00e7ou no controlo da mente negativa. Demorei 2 anos e pouco para a conseguir tornar positiva, lutas di\u00e1rias deixavam-me sem for\u00e7as mas o meu desejo de sair daquele buraco existencial era maior.<\/p>\n\n\n\n<p>Limpezas atr\u00e1s de limpezas de <a href=\"https:\/\/treenaturaterapias.com\/karma-sera-bom-ou-mau\/\" target=\"_blank\" rel=\"noreferrer noopener\" aria-label=\"karmas (opens in a new tab)\">karmas<\/a>, pensamentos negativos e ideias limitantes foram muito importante na minha abertura de horizontes.<\/p>\n\n\n\n<p>Horizontes do espiritual, n\u00e3o terrenos. S\u00f3 quando percebemos que somos seres extraordin\u00e1rios com capacidades m\u00e1gicas, percebemos que o sofrimento foi todo criado por n\u00f3s. No meu caso trazia um apego enorme emocional que n\u00e3o me deixava viver nada livremente. Estava sempre presa a medos de perda e de opini\u00f5es dos outros. <\/p>\n\n\n\n<p>Hoje posso dizer que \u00e9 poss\u00edvel acabar com isso mas que n\u00e3o \u00e9 f\u00e1cil.<\/p>\n\n\n\n<p>Descobrir quem \u00e9 e porque veio assim, vai doer imenso, mas tamb\u00e9m lhe vai dar a oportunidade de crescer. <\/p>\n\n\n\n<p>Porque o Universo \u00e9 assim, Misericordioso.<\/p>\n\n\n\n<p>Jesus, Buda e outros grandes mestres j\u00e1 mostraram que \u00e9 poss\u00edvel se houver empenho da nossa parte.<\/p>\n\n\n\n<p>Pode come\u00e7ar o seu trabalho sozinho atrav\u00e9s de medita\u00e7\u00e3o, <a href=\"https:\/\/treenaturaterapias.com\/livros-de-espiritualidade\/\" target=\"_blank\" rel=\"noreferrer noopener\" aria-label=\"livros (opens in a new tab)\">livros<\/a>, t\u00e9cnicas como Invocar a chama violeta, Ho&#8217;oponopono  e outras, mas o real motivo \u00e9 perceber se voc\u00ea acredita nisso.<\/p>\n\n\n\n<p>Por isso existem tantas terapias e terapeutas com o intuito de abrir a sua consci\u00eancia, de dar-lhe a capacidade de perceber que \u00e9 poss\u00edvel. N\u00e3o \u00e9 imagina\u00e7\u00e3o.<\/p>\n\n\n\n<p>Essas t\u00e9cnicas terap\u00eauticas (<a href=\"https:\/\/treenaturaterapias.com\/conexao-ava\/\">Conex\u00e3o AVA<\/a>, <a rel=\"noreferrer noopener\" aria-label=\"Leitura de Aura (opens in a new tab)\" href=\"https:\/\/treenaturaterapias.com\/a-leitura-de-aura\/\" target=\"_blank\">Leitura de Aura<\/a>,<a rel=\"noreferrer noopener\" aria-label=\" Leitura de Registos Ak\u00e1shico (opens in a new tab)\" href=\"https:\/\/treenaturaterapias.com\/leitura-de-registos-akashicos\/\" target=\"_blank\"> Leitura de Registos Ak\u00e1shico<\/a>s, <a rel=\"noreferrer noopener\" aria-label=\"Tarot (opens in a new tab)\" href=\"https:\/\/treenaturaterapias.com\/tarot\/\" target=\"_blank\">Tarot<\/a> e <a rel=\"noreferrer noopener\" aria-label=\"Reiki (opens in a new tab)\" href=\"https:\/\/treenaturaterapias.com\/kundalini-reiki\/\" target=\"_blank\">Reiki<\/a>) v\u00e3o apenas quebrar algumas correntes K\u00e1rmicas e dar aquele empurr\u00e3o mas o caminho ser\u00e1 seu. V\u00e3o tamb\u00e9m dar conhecimento, porque quando n\u00f3s sabemos, \u00e9 mais f\u00e1cil. A raiva torna-e menor.<\/p>\n\n\n\n<p><\/p>\n\n\n\n<p>Pode tamb\u00e9m tentar cursos ( <a rel=\"noreferrer noopener\" aria-label=\"Curso de Terapia Multidimensional (opens in a new tab)\" href=\"https:\/\/treenaturaterapias.com\/curso-terapia-multidimensional\/\" target=\"_blank\">Curso de Terapia Multidimensional<\/a> e <a href=\"https:\/\/treenaturaterapias.com\/curso-de-reiki-tradicional\/\" target=\"_blank\" rel=\"noreferrer noopener\" aria-label=\"curso de Reiki Tradicional (opens in a new tab)\">curso de Reiki Tradicional<\/a>) e retiros ( purifica\u00e7\u00e3o, medita\u00e7\u00e3o,<a rel=\"noreferrer noopener\" aria-label=\" Iboga (opens in a new tab)\" href=\"https:\/\/treenaturaterapias.com\/iboga-retiro-em-portugal\/\" target=\"_blank\"> Iboga<\/a> e Ayahuasca), que iram ter um impacto muito mais profundo nessa casca que trouxe, mas lembro que tudo depende da mudan\u00e7a das suas ac\u00e7\u00f5es e h\u00e1bitos. S\u00f3 assim come\u00e7ar\u00e1 um ano novo a qualquer dia do ano dentro de si. E olhe o mais especial&#8230;&#8230;.. esse ano durar\u00e1 toda a eternidade porque ningu\u00e9m lhe pode tirar conhecimento.<\/p>\n\n\n\n<p>Com certeza j\u00e1 ouviu aquela express\u00e3o &#8220;\u00e9 com andar de bicicleta&#8221;. Nunca esquecemos. E o mais especial ainda&#8230;. vai poder mudar os que est\u00e3o \u00e1 sua volta, vai poder dar-lhes vida tamb\u00e9m e vai poder levar isso para uma nova encarna\u00e7\u00e3o.<\/p>\n\n\n\n<p>Qu\u00e3o maravilhoso \u00e9 quando podemos ajudar outros com a nossa atitude.  Ent\u00e3o comece por si e entre neste novo ano, realmente decidido a ter direito a toda a abund\u00e2ncia da sua alma e <a href=\"https:\/\/treenaturaterapias.com\/qual-o-seu-dom-e-missao-de-vida\/\" target=\"_blank\" rel=\"noreferrer noopener\" aria-label=\"dons (opens in a new tab)\">dons<\/a>.<\/p>\n\n\n\n<p>Por favor n\u00e3o desista de si nem pense que \u00e9 imposs\u00edvel.<\/p>\n\n\n\n<p>Seja feliz!<\/p>\n\n\n\n<p>By <\/p>\n\n\n\n<p>C\u00e9lia de Jesus<\/p>\n","protected":false},"excerpt":{"rendered":"<p>NOVO, uma palavra interessante pois inclui toda a ess\u00eancia de Nascer de nOVO. Isto quer dizer que \u00e9 poss\u00edvel quebrar essa casca que o mant\u00e9m aprisionado. Que n\u00e3o o deixa ver para al\u00e9m dos seus limites. Quando dizemos novo, estaremos realmente a querer vivenciar isso, ou estaremos apenas a comemorar &hellip; <\/p>\n","protected":false},"author":1,"featured_media":891,"comment_status":"open","ping_status":"open","sticky":false,"template":"","format":"standard","meta":{"_monsterinsights_skip_tracking":false,"_monsterinsights_sitenote_active":false,"_monsterinsights_sitenote_note":"","_monsterinsights_sitenote_category":0,"footnotes":""},"categories":[1],"tags":[],"class_list":["post-890","post","type-post","status-publish","format-standard","has-post-thumbnail","hentry","category-uncategorized"],"yoast_head":"<!-- This site is optimized with the Yoast SEO plugin v27.4 - https:\/\/yoast.com\/product\/yoast-seo-wordpress\/ -->\n<title>Ano novo, Vida Nova!<\/title>\n<meta name=\"robots\" content=\"index, follow, max-snippet:-1, max-image-preview:large, max-video-preview:-1\" \/>\n<link rel=\"canonical\" href=\"https:\/\/treenaturaterapias.com\/en\/ano-novo-vida-nova\/\" \/>\n<meta property=\"og:locale\" content=\"en_US\" \/>\n<meta property=\"og:locale:alternate\" content=\"pt_PT\" \/>\n<meta property=\"og:locale:alternate\" content=\"fr_FR\" \/>\n<meta property=\"og:type\" content=\"article\" \/>\n<meta property=\"og:title\" content=\"Ano novo, Vida Nova!\" \/>\n<meta property=\"og:description\" content=\"NOVO, uma palavra interessante pois inclui toda a ess\u00eancia de Nascer de nOVO. Isto quer dizer que \u00e9 poss\u00edvel quebrar essa casca que o mant\u00e9m aprisionado. Que n\u00e3o o deixa ver para al\u00e9m dos seus limites. Quando dizemos novo, estaremos realmente a querer vivenciar isso, ou estaremos apenas a comemorar &hellip;\" \/>\n<meta property=\"og:url\" content=\"https:\/\/treenaturaterapias.com\/en\/ano-novo-vida-nova\/\" \/>\n<meta property=\"og:site_name\" content=\"Tree Natura Terapias\" \/>\n<meta property=\"article:published_time\" content=\"2019-01-05T19:59:16+00:00\" \/>\n<meta property=\"article:modified_time\" content=\"2019-01-08T14:38:28+00:00\" \/>\n<meta property=\"og:image\" content=\"https:\/\/treenaturaterapias.com\/wp-content\/uploads\/2019\/01\/birthday.png\" \/>\n\t<meta property=\"og:image:width\" content=\"940\" \/>\n\t<meta property=\"og:image:height\" content=\"788\" \/>\n\t<meta property=\"og:image:type\" content=\"image\/png\" \/>\n<meta name=\"author\" content=\"C\u00e9lia de Jesus\" \/>\n<meta name=\"twitter:card\" content=\"summary_large_image\" \/>\n<meta name=\"twitter:label1\" content=\"Written by\" \/>\n\t<meta name=\"twitter:data1\" content=\"C\u00e9lia de Jesus\" \/>\n\t<meta name=\"twitter:label2\" content=\"Est. reading time\" \/>\n\t<meta name=\"twitter:data2\" content=\"5 minutes\" \/>\n<script type=\"application\/ld+json\" class=\"yoast-schema-graph\">{\"@context\":\"https:\\\/\\\/schema.org\",\"@graph\":[{\"@type\":\"Article\",\"@id\":\"https:\\\/\\\/treenaturaterapias.com\\\/ano-novo-vida-nova\\\/#article\",\"isPartOf\":{\"@id\":\"https:\\\/\\\/treenaturaterapias.com\\\/ano-novo-vida-nova\\\/\"},\"author\":{\"name\":\"C\u00e9lia de Jesus\",\"@id\":\"https:\\\/\\\/treenaturaterapias.com\\\/#\\\/schema\\\/person\\\/267944d8880bf51dd22b9803435d65c6\"},\"headline\":\"Ano novo, Vida Nova!\",\"datePublished\":\"2019-01-05T19:59:16+00:00\",\"dateModified\":\"2019-01-08T14:38:28+00:00\",\"mainEntityOfPage\":{\"@id\":\"https:\\\/\\\/treenaturaterapias.com\\\/ano-novo-vida-nova\\\/\"},\"wordCount\":1072,\"commentCount\":0,\"publisher\":{\"@id\":\"https:\\\/\\\/treenaturaterapias.com\\\/#\\\/schema\\\/person\\\/267944d8880bf51dd22b9803435d65c6\"},\"image\":{\"@id\":\"https:\\\/\\\/treenaturaterapias.com\\\/ano-novo-vida-nova\\\/#primaryimage\"},\"thumbnailUrl\":\"https:\\\/\\\/treenaturaterapias.com\\\/wp-content\\\/uploads\\\/2019\\\/01\\\/birthday.png\",\"inLanguage\":\"en-US\",\"potentialAction\":[{\"@type\":\"CommentAction\",\"name\":\"Comment\",\"target\":[\"https:\\\/\\\/treenaturaterapias.com\\\/ano-novo-vida-nova\\\/#respond\"]}]},{\"@type\":\"WebPage\",\"@id\":\"https:\\\/\\\/treenaturaterapias.com\\\/ano-novo-vida-nova\\\/\",\"url\":\"https:\\\/\\\/treenaturaterapias.com\\\/ano-novo-vida-nova\\\/\",\"name\":\"Ano novo, Vida Nova!\",\"isPartOf\":{\"@id\":\"https:\\\/\\\/treenaturaterapias.com\\\/#website\"},\"primaryImageOfPage\":{\"@id\":\"https:\\\/\\\/treenaturaterapias.com\\\/ano-novo-vida-nova\\\/#primaryimage\"},\"image\":{\"@id\":\"https:\\\/\\\/treenaturaterapias.com\\\/ano-novo-vida-nova\\\/#primaryimage\"},\"thumbnailUrl\":\"https:\\\/\\\/treenaturaterapias.com\\\/wp-content\\\/uploads\\\/2019\\\/01\\\/birthday.png\",\"datePublished\":\"2019-01-05T19:59:16+00:00\",\"dateModified\":\"2019-01-08T14:38:28+00:00\",\"breadcrumb\":{\"@id\":\"https:\\\/\\\/treenaturaterapias.com\\\/ano-novo-vida-nova\\\/#breadcrumb\"},\"inLanguage\":\"en-US\",\"potentialAction\":[{\"@type\":\"ReadAction\",\"target\":[\"https:\\\/\\\/treenaturaterapias.com\\\/ano-novo-vida-nova\\\/\"]}]},{\"@type\":\"ImageObject\",\"inLanguage\":\"en-US\",\"@id\":\"https:\\\/\\\/treenaturaterapias.com\\\/ano-novo-vida-nova\\\/#primaryimage\",\"url\":\"https:\\\/\\\/treenaturaterapias.com\\\/wp-content\\\/uploads\\\/2019\\\/01\\\/birthday.png\",\"contentUrl\":\"https:\\\/\\\/treenaturaterapias.com\\\/wp-content\\\/uploads\\\/2019\\\/01\\\/birthday.png\",\"width\":940,\"height\":788},{\"@type\":\"BreadcrumbList\",\"@id\":\"https:\\\/\\\/treenaturaterapias.com\\\/ano-novo-vida-nova\\\/#breadcrumb\",\"itemListElement\":[{\"@type\":\"ListItem\",\"position\":1,\"name\":\"In\u00edcio\",\"item\":\"https:\\\/\\\/treenaturaterapias.com\\\/\"},{\"@type\":\"ListItem\",\"position\":2,\"name\":\"Ano novo, Vida Nova!\"}]},{\"@type\":\"WebSite\",\"@id\":\"https:\\\/\\\/treenaturaterapias.com\\\/#website\",\"url\":\"https:\\\/\\\/treenaturaterapias.com\\\/\",\"name\":\"Tree Natura Terapias\",\"description\":\"Reconhecendo o Divino que habita em si\",\"publisher\":{\"@id\":\"https:\\\/\\\/treenaturaterapias.com\\\/#\\\/schema\\\/person\\\/267944d8880bf51dd22b9803435d65c6\"},\"potentialAction\":[{\"@type\":\"SearchAction\",\"target\":{\"@type\":\"EntryPoint\",\"urlTemplate\":\"https:\\\/\\\/treenaturaterapias.com\\\/?s={search_term_string}\"},\"query-input\":{\"@type\":\"PropertyValueSpecification\",\"valueRequired\":true,\"valueName\":\"search_term_string\"}}],\"inLanguage\":\"en-US\"},{\"@type\":[\"Person\",\"Organization\"],\"@id\":\"https:\\\/\\\/treenaturaterapias.com\\\/#\\\/schema\\\/person\\\/267944d8880bf51dd22b9803435d65c6\",\"name\":\"C\u00e9lia de Jesus\",\"image\":{\"@type\":\"ImageObject\",\"inLanguage\":\"en-US\",\"@id\":\"https:\\\/\\\/treenaturaterapias.com\\\/wp-content\\\/uploads\\\/2018\\\/09\\\/cropped-18901839_10154690353442194_1408032629_o.jpg\",\"url\":\"https:\\\/\\\/treenaturaterapias.com\\\/wp-content\\\/uploads\\\/2018\\\/09\\\/cropped-18901839_10154690353442194_1408032629_o.jpg\",\"contentUrl\":\"https:\\\/\\\/treenaturaterapias.com\\\/wp-content\\\/uploads\\\/2018\\\/09\\\/cropped-18901839_10154690353442194_1408032629_o.jpg\",\"width\":512,\"height\":512,\"caption\":\"C\u00e9lia de Jesus\"},\"logo\":{\"@id\":\"https:\\\/\\\/treenaturaterapias.com\\\/wp-content\\\/uploads\\\/2018\\\/09\\\/cropped-18901839_10154690353442194_1408032629_o.jpg\"},\"url\":\"https:\\\/\\\/treenaturaterapias.com\\\/en\\\/author\\\/pjnogueira\\\/\"}]}<\/script>\n<!-- \/ Yoast SEO plugin. -->","yoast_head_json":{"title":"Ano novo, Vida Nova!","robots":{"index":"index","follow":"follow","max-snippet":"max-snippet:-1","max-image-preview":"max-image-preview:large","max-video-preview":"max-video-preview:-1"},"canonical":"https:\/\/treenaturaterapias.com\/en\/ano-novo-vida-nova\/","og_locale":"en_US","og_type":"article","og_title":"[:pt]Ano novo, Vida Nova![:] - Tree Natura Terapias","og_description":"NOVO, uma palavra interessante pois inclui toda a ess\u00eancia de Nascer de nOVO. Isto quer dizer que \u00e9 poss\u00edvel quebrar essa casca que o mant\u00e9m aprisionado. Que n\u00e3o o deixa ver para al\u00e9m dos seus limites. Quando dizemos novo, estaremos realmente a querer vivenciar isso, ou estaremos apenas a comemorar &hellip;","og_url":"https:\/\/treenaturaterapias.com\/en\/ano-novo-vida-nova\/","og_site_name":"Tree Natura Terapias","article_published_time":"2019-01-05T19:59:16+00:00","article_modified_time":"2019-01-08T14:38:28+00:00","og_image":[{"width":940,"height":788,"url":"https:\/\/treenaturaterapias.com\/wp-content\/uploads\/2019\/01\/birthday.png","type":"image\/png"}],"author":"C\u00e9lia de Jesus","twitter_card":"summary_large_image","twitter_misc":{"Written by":"C\u00e9lia de Jesus","Est. reading time":"5 minutes"},"schema":{"@context":"https:\/\/schema.org","@graph":[{"@type":"Article","@id":"https:\/\/treenaturaterapias.com\/ano-novo-vida-nova\/#article","isPartOf":{"@id":"https:\/\/treenaturaterapias.com\/ano-novo-vida-nova\/"},"author":{"name":"C\u00e9lia de Jesus","@id":"https:\/\/treenaturaterapias.com\/#\/schema\/person\/267944d8880bf51dd22b9803435d65c6"},"headline":"Ano novo, Vida Nova!","datePublished":"2019-01-05T19:59:16+00:00","dateModified":"2019-01-08T14:38:28+00:00","mainEntityOfPage":{"@id":"https:\/\/treenaturaterapias.com\/ano-novo-vida-nova\/"},"wordCount":1072,"commentCount":0,"publisher":{"@id":"https:\/\/treenaturaterapias.com\/#\/schema\/person\/267944d8880bf51dd22b9803435d65c6"},"image":{"@id":"https:\/\/treenaturaterapias.com\/ano-novo-vida-nova\/#primaryimage"},"thumbnailUrl":"https:\/\/treenaturaterapias.com\/wp-content\/uploads\/2019\/01\/birthday.png","inLanguage":"en-US","potentialAction":[{"@type":"CommentAction","name":"Comment","target":["https:\/\/treenaturaterapias.com\/ano-novo-vida-nova\/#respond"]}]},{"@type":"WebPage","@id":"https:\/\/treenaturaterapias.com\/ano-novo-vida-nova\/","url":"https:\/\/treenaturaterapias.com\/ano-novo-vida-nova\/","name":"Ano novo, Vida Nova!","isPartOf":{"@id":"https:\/\/treenaturaterapias.com\/#website"},"primaryImageOfPage":{"@id":"https:\/\/treenaturaterapias.com\/ano-novo-vida-nova\/#primaryimage"},"image":{"@id":"https:\/\/treenaturaterapias.com\/ano-novo-vida-nova\/#primaryimage"},"thumbnailUrl":"https:\/\/treenaturaterapias.com\/wp-content\/uploads\/2019\/01\/birthday.png","datePublished":"2019-01-05T19:59:16+00:00","dateModified":"2019-01-08T14:38:28+00:00","breadcrumb":{"@id":"https:\/\/treenaturaterapias.com\/ano-novo-vida-nova\/#breadcrumb"},"inLanguage":"en-US","potentialAction":[{"@type":"ReadAction","target":["https:\/\/treenaturaterapias.com\/ano-novo-vida-nova\/"]}]},{"@type":"ImageObject","inLanguage":"en-US","@id":"https:\/\/treenaturaterapias.com\/ano-novo-vida-nova\/#primaryimage","url":"https:\/\/treenaturaterapias.com\/wp-content\/uploads\/2019\/01\/birthday.png","contentUrl":"https:\/\/treenaturaterapias.com\/wp-content\/uploads\/2019\/01\/birthday.png","width":940,"height":788},{"@type":"BreadcrumbList","@id":"https:\/\/treenaturaterapias.com\/ano-novo-vida-nova\/#breadcrumb","itemListElement":[{"@type":"ListItem","position":1,"name":"In\u00edcio","item":"https:\/\/treenaturaterapias.com\/"},{"@type":"ListItem","position":2,"name":"Ano novo, Vida Nova!"}]},{"@type":"WebSite","@id":"https:\/\/treenaturaterapias.com\/#website","url":"https:\/\/treenaturaterapias.com\/","name":"Tree Natura Terapias","description":"Reconhecendo o Divino que habita em si","publisher":{"@id":"https:\/\/treenaturaterapias.com\/#\/schema\/person\/267944d8880bf51dd22b9803435d65c6"},"potentialAction":[{"@type":"SearchAction","target":{"@type":"EntryPoint","urlTemplate":"https:\/\/treenaturaterapias.com\/?s={search_term_string}"},"query-input":{"@type":"PropertyValueSpecification","valueRequired":true,"valueName":"search_term_string"}}],"inLanguage":"en-US"},{"@type":["Person","Organization"],"@id":"https:\/\/treenaturaterapias.com\/#\/schema\/person\/267944d8880bf51dd22b9803435d65c6","name":"C\u00e9lia de Jesus","image":{"@type":"ImageObject","inLanguage":"en-US","@id":"https:\/\/treenaturaterapias.com\/wp-content\/uploads\/2018\/09\/cropped-18901839_10154690353442194_1408032629_o.jpg","url":"https:\/\/treenaturaterapias.com\/wp-content\/uploads\/2018\/09\/cropped-18901839_10154690353442194_1408032629_o.jpg","contentUrl":"https:\/\/treenaturaterapias.com\/wp-content\/uploads\/2018\/09\/cropped-18901839_10154690353442194_1408032629_o.jpg","width":512,"height":512,"caption":"C\u00e9lia de Jesus"},"logo":{"@id":"https:\/\/treenaturaterapias.com\/wp-content\/uploads\/2018\/09\/cropped-18901839_10154690353442194_1408032629_o.jpg"},"url":"https:\/\/treenaturaterapias.com\/en\/author\/pjnogueira\/"}]}},"_links":{"self":[{"href":"https:\/\/treenaturaterapias.com\/en\/wp-json\/wp\/v2\/posts\/890","targetHints":{"allow":["GET"]}}],"collection":[{"href":"https:\/\/treenaturaterapias.com\/en\/wp-json\/wp\/v2\/posts"}],"about":[{"href":"https:\/\/treenaturaterapias.com\/en\/wp-json\/wp\/v2\/types\/post"}],"author":[{"embeddable":true,"href":"https:\/\/treenaturaterapias.com\/en\/wp-json\/wp\/v2\/users\/1"}],"replies":[{"embeddable":true,"href":"https:\/\/treenaturaterapias.com\/en\/wp-json\/wp\/v2\/comments?post=890"}],"version-history":[{"count":0,"href":"https:\/\/treenaturaterapias.com\/en\/wp-json\/wp\/v2\/posts\/890\/revisions"}],"wp:featuredmedia":[{"embeddable":true,"href":"https:\/\/treenaturaterapias.com\/en\/wp-json\/wp\/v2\/media\/891"}],"wp:attachment":[{"href":"https:\/\/treenaturaterapias.com\/en\/wp-json\/wp\/v2\/media?parent=890"}],"wp:term":[{"taxonomy":"category","embeddable":true,"href":"https:\/\/treenaturaterapias.com\/en\/wp-json\/wp\/v2\/categories?post=890"},{"taxonomy":"post_tag","embeddable":true,"href":"https:\/\/treenaturaterapias.com\/en\/wp-json\/wp\/v2\/tags?post=890"}],"curies":[{"name":"wp","href":"https:\/\/api.w.org\/{rel}","templated":true}]}}