{"id":518,"date":"2018-02-03T09:19:20","date_gmt":"2018-02-03T09:19:20","guid":{"rendered":"https:\/\/treenaturaterapias.com\/?p=518"},"modified":"2018-02-03T13:27:56","modified_gmt":"2018-02-03T13:27:56","slug":"conexao-ava-e-regressao","status":"publish","type":"post","link":"https:\/\/treenaturaterapias.com\/en\/conexao-ava-e-regressao\/","title":{"rendered":"Conex\u00e3o Ava e Regress\u00e3o!"},"content":{"rendered":"<p>Durante a terapia <a href=\"https:\/\/treenaturaterapias.com\/conexao-ava\/\" target=\"_blank\" rel=\"noopener\">Conex\u00e3o Ava<\/a> por vezes \u00e9 poss\u00edvel passar por <a href=\"https:\/\/treenaturaterapias.com\/regressao-tre\/\" target=\"_blank\" rel=\"noopener\">regress\u00e3o<\/a>. Quando s\u00e3o casos mais complicados de o paciente entender o porqu\u00ea, e se ele se disponibilizar para saber, os Arcturianos d\u00e3o a possibilidade de ver essa vida e fazer essa regress\u00e3o onde tudo aconteceu.<\/p>\n<p>Este caso chegou at\u00e9 mim e marcou-me por ser delicado, mas tamb\u00e9m porque mostra o amor imenso que as almas t\u00eam de evoluir sujeitando-se assim a provas que vistas aos olhos humanos s\u00e3o quase imposs\u00edveis de ser reais. Este caso mostra que nem tudo o que \u00e9 assim t\u00e3o \u201c\u00f3bvio\u201d aos nossos olhos, \u00e9 realmente real.<\/p>\n<p>Foi descrito por Alexandre depois de ter passado pela <a href=\"https:\/\/treenaturaterapias.com\/conexao-ava\/\" target=\"_blank\" rel=\"noopener\">terapia Conex\u00e3o AVA<\/a>. Jovem, mas com algo no cora\u00e7\u00e3o que n\u00e3o o deixava avan\u00e7ar no seu imenso caminho. Alexandre procurou-me porque sentia que tem tanto para viver e n\u00e3o consegue e tudo se prende a uma situa\u00e7\u00e3o da qual os seus sentimentos n\u00e3o conseguem fugir. V\u00ea-se numa pris\u00e3o com a porta totalmente aberta, mas com dificuldade em sair.<\/p>\n<p>Alexandre \u00a0tem uma irm\u00e3 muito jovem e ambos passaram pelo div\u00f3rcio do companheiro da m\u00e3e. S\u00f3 Lara \u00e9 filha deste companheiro . Este mesmo div\u00f3rcio foi muito doloroso para a m\u00e3e, visto o compaheiro ser uma pessoa completamente descompensado a n\u00edvel emocional, o que fazia que fosse algo bipolar e muito manipulador. A m\u00e3e suportou at\u00e9 quando aguentou, fez o seu melhor, mas h\u00e1 <a href=\"https:\/\/treenaturaterapias.com\/relacionamento-karmico\/\" target=\"_blank\" rel=\"noopener\">rela\u00e7\u00f5es k\u00e1rmicas<\/a> que \u00e9 preciso que o outro ajude tamb\u00e9m e neste caso n\u00e3o havia sequer disponibilidade do outro lado. Iniciou-se o div\u00f3rcio e quando finalmente a filha mais jovem se v\u00ea \u201clivre\u201d do pai em casa, come\u00e7am a surgir as verdades. A Lara escondeu com todas as for\u00e7as o que se passava com o pai, para n\u00e3o falar que muita manipula\u00e7\u00e3o era feita pelo pai e sendo muito jovem, nem sabia o que se passava at\u00e9 come\u00e7ar a doer. A Lara foi abusada algumas vezes e nunca contou h\u00e1 m\u00e3e. Esta por sua vez sempre achou que algo estava mal, mas a manipula\u00e7\u00e3o era t\u00e3o bem feita que era muito dif\u00edcil que se notasse. Mas esta insatisfa\u00e7\u00e3o da m\u00e3e levou ao div\u00f3rcio tamb\u00e9m, porque algo fazia a sua filha muito infeliz. O caso tornou-se ainda mais dif\u00edcil para ambos porque mesmo com todas as provas, depoimentos e a pr\u00f3pria vida que o pai leva, o tribunal continuava a permitir que a menina fizesse as visitas semanais ao pai. Para uma m\u00e3e isto \u00e9 a morte, ter que levar a sua filha a um homem que fez aquilo e ter de reviver tudo. Mais a filha que chora constantemente por ir e est\u00e1 sempre em ansiedade. Um caso totalmente parado pelo tribunal. Conseguiu apenas que a Lara estivesse sempre acompanhada na altura da visita, mas o pai mesmo assim fazia manipula\u00e7\u00e3o com a menina e com os que a acompanhavam. Consegue imaginar a dor de fazer um filho passar por isso? A m\u00e3e deu v\u00e1rias voltas e nada podia fazer, nem com dinheiro em bons advogados, o caso andava. Obrigada pelo tribunal ou caso contr\u00e1rio a Lara teria de ir viver com o pai. Totalmente ins\u00f3lito. O Universo estava mesmo a trabalhar em prol de esta alma resgatar <a href=\"https:\/\/treenaturaterapias.com\/karma-sera-bom-ou-mau\/\" target=\"_blank\" rel=\"noopener\">Karma<\/a>. Este caso nunca iria ser descoberto pela m\u00e3e e \u00e9 aqui que entra o trabalho espiritual do Karma. Esta alma estava a resgatar <a href=\"https:\/\/treenaturaterapias.com\/karma-sera-bom-ou-mau\/\" target=\"_blank\" rel=\"noopener\">Karma<\/a> e assim precisava de ser e Alexandre teve essa vis\u00e3o na Conex\u00e3o AVA atrav\u00e9s de <a href=\"https:\/\/treenaturaterapias.com\/regressao-tre\/\" target=\"_blank\" rel=\"noopener\">regress\u00e3o<\/a>. Alexandre depois de relaxar na <a href=\"https:\/\/treenaturaterapias.com\/conexao-ava\/\" target=\"_blank\" rel=\"noopener\">Conex\u00e3o AVA<\/a>, come\u00e7ou a ver-se numa casa grande com uma escadaria enorme do lado direito em que no cimo se encontrava a m\u00e3e (actual m\u00e3e) e a tia (actual irm\u00e3 Lara) a olhar sem rea\u00e7\u00e3o e com um sentimento de incapacidade sobre algo e no fundo das escadas estava Alexandre e o pai (atual padrasto manipulador). Estavam a discutir algo em que o pai j\u00e1 alcoolizado num ato de f\u00faria ( sem qualquer interesse em matar mas sim magoar) lhe d\u00e1 uma pancada na cabe\u00e7a. Alexandre era muito pequeno naquela vida e automaticamente cai no ch\u00e3o e bate com a cabe\u00e7a, abrindo logo um golpe enorme com morte s\u00fabita. A m\u00e3e em pranto corre para o filho e o pai fica sem reac\u00e7\u00e3o porque n\u00e3o esperava aquilo e fica aflito tamb\u00e9m. A m\u00e3e grita com o pai. O corpo \u00e9 levado para enterrar em algum sitio e a m\u00e3e n\u00e3o o quer deixar ir. Quando volta do funeral grita com a irm\u00e3 e diz \u201cque poderia ser diferente, que ela poderia ter evitado aquilo tudo\u201d. A tia tinha uma rela\u00e7\u00e3o adultera com o pai e assim continuou depois da morte do Alexandre. A m\u00e3e entrou em depress\u00e3o profunda e nunca mais recuperou, acabando por suprimir naquele sentimento, morrendo muito cedo. O pai tamb\u00e9m n\u00e3o se perdoou e a tal mulher ficou com algo para resolver dessa vida. Algo que ela poderia ter evitado e n\u00e3o o fez, levando assim \u00e1 morte de um menor, da m\u00e3e com depress\u00e3o e do pai com culpa. H\u00e1 aqui um karma familiar para resolver e a vida de hoje tinha de ser exactamente como ela foi.<\/p>\n<p>A Lara decidiu vir resgatar esse<a href=\"https:\/\/treenaturaterapias.com\/karma-sera-bom-ou-mau\/\" target=\"_blank\" rel=\"noopener\"> karma<\/a> com este homem visto que o poderia ter evitado noutra vida. Decidiu passar por uma dor pior que a morte e que a poderia marcar para a vida toda. Decidiu passar por viola\u00e7\u00e3o em pequena, mas que ningu\u00e9m se pudesse aperceber fazendo com que a incapacidade de actuar de outra vida, fosse a desta. Alexandre e a m\u00e3e passaram pela mesma dor da outra vida, mas principalmente Alexandre sentia-se preso naquela vida por ter morrido e n\u00e3o ter vivido o longo caminho que ainda tinha pela frente. Isto estava a impossibilitar de ele avan\u00e7ar nesta vida. Tudo andava, mas ele estava parado no tempo.<\/p>\n<p>Este \u00e9 um caso doloroso pela hist\u00f3ria em si, mas muito bonito pelo amor que as almas colocam quando escolhem as suas vidas antes de encarnar. Esta Alma Lara decidiu passar por uma dor imensa para poder resgatar o karma da m\u00e3e que morreu com depress\u00e3o profunda e n\u00e3o fez nada da vida, do pai que matou o filho sem querer e do irm\u00e3o que ficou com a energia parada naquela vida. Todos os envolvidos t\u00eam a oportunidade de sa\u00edrem deste karma se levarem o caso com amor e principalmente entenderem a Lara com as visitas ao pai mesmo depois de tanta prova. Apesar disso temos sempre o livre arbitro se queremos ou n\u00e3o resolver os nossos karmas e neste caso o pai nem sequer tem consci\u00eancia. Nem do que fez nem do que continua a fazer a n\u00edvel de manipula\u00e7\u00e3o. Isto faz com que ele n\u00e3o resgate o Karma. Aqui fica a import\u00e2ncia da abertura de consci\u00eancia em querer desbloquear a nossa vida. Viemos c\u00e1 para ser felizes e qualquer bloqueio n\u00e3o \u00e9 mais do que a nossa alma a pedir que tratemos dos nossos karmas, das nossas aprendizagens. Este caso iria ficar resolvido, mas marcado pela dor e pelo tempo que demoraria a ultrapassar. Se houver compreens\u00e3o e entendimento, o Karma acaba mais cedo. Por isso a import\u00e2ncia da abertura de consci\u00eancia. Este caso tamb\u00e9m mostra que por mais que a lei humana funcione, h\u00e1 casos que s\u00f3 a lei divina pode actuar. Aqui s\u00f3 o Amor p\u00f4de desenrolar este caso. A compreens\u00e3o que a Lara precisa para resgatar este Karma, e que toda a dor que ela passou foi a mesma dor que ficou presa naquela vida que fez com que 3 pessoas ficassem presas em algum ponto no tempo. Ela parou a evolu\u00e7\u00e3o daquelas 3 almas ao n\u00e3o tomar uma atitude e teria de ser algo muito forte para ela desbloquear nesta vida. Ela sacrificou-se para que estas almas hoje pudessem ter uma vida de abund\u00e2ncia e prosperidade. Deus \u00e9 misericordioso e quando escolhemos a vida que vamos encarnar e as personagens que v\u00eam connosco, podemos tamb\u00e9m decidir que karmas queremos resolver e h\u00e1 almas que adiam os karmas porque sabem que v\u00e3o sofrer (leia o livro \u201cA viagem das Almas \u2013 Michael Newton). Por isso esta alma \u00e9 uma corajosa por enfrentar algo t\u00e3o doloroso. Mas ainda assim todos estiveram de estar de acordo para voltar a encarnar nas mesmas posi\u00e7\u00f5es e passar pelo mesmo. S\u00f3 aqui mostra o Amor enorme que as almas t\u00eam l\u00e1 em cima, para decidirem vir passar pelo mesmo j\u00e1 sabendo que vai ser sofrido e pior\u2026\u2026 que podem falhar novamente e nada ficar resolvido.<\/p>\n<p>Mas devido h\u00e1 evolu\u00e7\u00e3o e consci\u00eancia destas almas, a m\u00e3e e Alexandre procuraram respostas do porqu\u00ea daquela situa\u00e7\u00e3o e limparam grande parte do seu karma. Escusado ser\u00e1 dizer que todos tinham a vida bloqueada a todos os n\u00edveis. Nada avan\u00e7ava, mas avan\u00e7ou.<\/p>\n<p>Acredite que \u00e9 poss\u00edvel! O amor vence tudo!<\/p>\n<p>By C\u00e9lia de Jesus<\/p>\n","protected":false},"excerpt":{"rendered":"<p>Durante a terapia Conex\u00e3o Ava por vezes \u00e9 poss\u00edvel passar por regress\u00e3o. Quando s\u00e3o casos mais complicados de o paciente entender o porqu\u00ea, e se ele se disponibilizar para saber, os Arcturianos d\u00e3o a possibilidade de ver essa vida e fazer essa regress\u00e3o onde tudo aconteceu. Este caso chegou at\u00e9 &hellip; <\/p>\n","protected":false},"author":1,"featured_media":0,"comment_status":"open","ping_status":"open","sticky":false,"template":"","format":"standard","meta":{"_monsterinsights_skip_tracking":false,"_monsterinsights_sitenote_active":false,"_monsterinsights_sitenote_note":"","_monsterinsights_sitenote_category":0,"footnotes":""},"categories":[1],"tags":[21,17,29,47,11,60,13],"class_list":["post-518","post","type-post","status-publish","format-standard","hentry","category-uncategorized","tag-abundancia","tag-conexao-ava","tag-consciencia","tag-karma","tag-prosperidade","tag-regressao","tag-relacionamentos"],"yoast_head":"<!-- This site is optimized with the Yoast SEO plugin v27.4 - https:\/\/yoast.com\/product\/yoast-seo-wordpress\/ -->\n<title>Conex\u00e3o Ava e Regress\u00e3o! - Tree Natura Terapias<\/title>\n<meta name=\"robots\" content=\"index, follow, max-snippet:-1, max-image-preview:large, max-video-preview:-1\" \/>\n<link rel=\"canonical\" href=\"https:\/\/treenaturaterapias.com\/en\/conexao-ava-e-regressao\/\" \/>\n<meta property=\"og:locale\" content=\"en_US\" \/>\n<meta property=\"og:locale:alternate\" content=\"pt_PT\" \/>\n<meta property=\"og:locale:alternate\" content=\"fr_FR\" \/>\n<meta property=\"og:type\" content=\"article\" \/>\n<meta property=\"og:title\" content=\"Conex\u00e3o Ava e Regress\u00e3o! - Tree Natura Terapias\" \/>\n<meta property=\"og:description\" content=\"Durante a terapia Conex\u00e3o Ava por vezes \u00e9 poss\u00edvel passar por regress\u00e3o. Quando s\u00e3o casos mais complicados de o paciente entender o porqu\u00ea, e se ele se disponibilizar para saber, os Arcturianos d\u00e3o a possibilidade de ver essa vida e fazer essa regress\u00e3o onde tudo aconteceu. Este caso chegou at\u00e9 &hellip;\" \/>\n<meta property=\"og:url\" content=\"https:\/\/treenaturaterapias.com\/en\/conexao-ava-e-regressao\/\" \/>\n<meta property=\"og:site_name\" content=\"Tree Natura Terapias\" \/>\n<meta property=\"article:published_time\" content=\"2018-02-03T09:19:20+00:00\" \/>\n<meta property=\"article:modified_time\" content=\"2018-02-03T13:27:56+00:00\" \/>\n<meta name=\"author\" content=\"C\u00e9lia de Jesus\" \/>\n<meta name=\"twitter:card\" content=\"summary_large_image\" \/>\n<meta name=\"twitter:label1\" content=\"Written by\" \/>\n\t<meta name=\"twitter:data1\" content=\"C\u00e9lia de Jesus\" \/>\n\t<meta name=\"twitter:label2\" content=\"Est. reading time\" \/>\n\t<meta name=\"twitter:data2\" content=\"8 minutes\" \/>\n<script type=\"application\/ld+json\" class=\"yoast-schema-graph\">{\"@context\":\"https:\\\/\\\/schema.org\",\"@graph\":[{\"@type\":\"Article\",\"@id\":\"https:\\\/\\\/treenaturaterapias.com\\\/conexao-ava-e-regressao\\\/#article\",\"isPartOf\":{\"@id\":\"https:\\\/\\\/treenaturaterapias.com\\\/conexao-ava-e-regressao\\\/\"},\"author\":{\"name\":\"C\u00e9lia de Jesus\",\"@id\":\"https:\\\/\\\/treenaturaterapias.com\\\/#\\\/schema\\\/person\\\/267944d8880bf51dd22b9803435d65c6\"},\"headline\":\"Conex\u00e3o Ava e Regress\u00e3o!\",\"datePublished\":\"2018-02-03T09:19:20+00:00\",\"dateModified\":\"2018-02-03T13:27:56+00:00\",\"mainEntityOfPage\":{\"@id\":\"https:\\\/\\\/treenaturaterapias.com\\\/conexao-ava-e-regressao\\\/\"},\"wordCount\":1572,\"commentCount\":0,\"publisher\":{\"@id\":\"https:\\\/\\\/treenaturaterapias.com\\\/#\\\/schema\\\/person\\\/267944d8880bf51dd22b9803435d65c6\"},\"keywords\":[\"abund\u00e2ncia\",\"Conex\u00e3o AVA\",\"consci\u00eancia\",\"karma\",\"Prosperidade\",\"regress\u00e3o\",\"relacionamentos\"],\"inLanguage\":\"en-US\",\"potentialAction\":[{\"@type\":\"CommentAction\",\"name\":\"Comment\",\"target\":[\"https:\\\/\\\/treenaturaterapias.com\\\/conexao-ava-e-regressao\\\/#respond\"]}]},{\"@type\":\"WebPage\",\"@id\":\"https:\\\/\\\/treenaturaterapias.com\\\/conexao-ava-e-regressao\\\/\",\"url\":\"https:\\\/\\\/treenaturaterapias.com\\\/conexao-ava-e-regressao\\\/\",\"name\":\"Conex\u00e3o Ava e Regress\u00e3o! - Tree Natura Terapias\",\"isPartOf\":{\"@id\":\"https:\\\/\\\/treenaturaterapias.com\\\/#website\"},\"datePublished\":\"2018-02-03T09:19:20+00:00\",\"dateModified\":\"2018-02-03T13:27:56+00:00\",\"breadcrumb\":{\"@id\":\"https:\\\/\\\/treenaturaterapias.com\\\/conexao-ava-e-regressao\\\/#breadcrumb\"},\"inLanguage\":\"en-US\",\"potentialAction\":[{\"@type\":\"ReadAction\",\"target\":[\"https:\\\/\\\/treenaturaterapias.com\\\/conexao-ava-e-regressao\\\/\"]}]},{\"@type\":\"BreadcrumbList\",\"@id\":\"https:\\\/\\\/treenaturaterapias.com\\\/conexao-ava-e-regressao\\\/#breadcrumb\",\"itemListElement\":[{\"@type\":\"ListItem\",\"position\":1,\"name\":\"In\u00edcio\",\"item\":\"https:\\\/\\\/treenaturaterapias.com\\\/\"},{\"@type\":\"ListItem\",\"position\":2,\"name\":\"Conex\u00e3o Ava e Regress\u00e3o!\"}]},{\"@type\":\"WebSite\",\"@id\":\"https:\\\/\\\/treenaturaterapias.com\\\/#website\",\"url\":\"https:\\\/\\\/treenaturaterapias.com\\\/\",\"name\":\"Tree Natura Terapias\",\"description\":\"Reconhecendo o Divino que habita em si\",\"publisher\":{\"@id\":\"https:\\\/\\\/treenaturaterapias.com\\\/#\\\/schema\\\/person\\\/267944d8880bf51dd22b9803435d65c6\"},\"potentialAction\":[{\"@type\":\"SearchAction\",\"target\":{\"@type\":\"EntryPoint\",\"urlTemplate\":\"https:\\\/\\\/treenaturaterapias.com\\\/?s={search_term_string}\"},\"query-input\":{\"@type\":\"PropertyValueSpecification\",\"valueRequired\":true,\"valueName\":\"search_term_string\"}}],\"inLanguage\":\"en-US\"},{\"@type\":[\"Person\",\"Organization\"],\"@id\":\"https:\\\/\\\/treenaturaterapias.com\\\/#\\\/schema\\\/person\\\/267944d8880bf51dd22b9803435d65c6\",\"name\":\"C\u00e9lia de Jesus\",\"image\":{\"@type\":\"ImageObject\",\"inLanguage\":\"en-US\",\"@id\":\"https:\\\/\\\/treenaturaterapias.com\\\/wp-content\\\/uploads\\\/2018\\\/09\\\/cropped-18901839_10154690353442194_1408032629_o.jpg\",\"url\":\"https:\\\/\\\/treenaturaterapias.com\\\/wp-content\\\/uploads\\\/2018\\\/09\\\/cropped-18901839_10154690353442194_1408032629_o.jpg\",\"contentUrl\":\"https:\\\/\\\/treenaturaterapias.com\\\/wp-content\\\/uploads\\\/2018\\\/09\\\/cropped-18901839_10154690353442194_1408032629_o.jpg\",\"width\":512,\"height\":512,\"caption\":\"C\u00e9lia de Jesus\"},\"logo\":{\"@id\":\"https:\\\/\\\/treenaturaterapias.com\\\/wp-content\\\/uploads\\\/2018\\\/09\\\/cropped-18901839_10154690353442194_1408032629_o.jpg\"},\"url\":\"https:\\\/\\\/treenaturaterapias.com\\\/en\\\/author\\\/pjnogueira\\\/\"}]}<\/script>\n<!-- \/ Yoast SEO plugin. -->","yoast_head_json":{"title":"Conex\u00e3o Ava e Regress\u00e3o! - Tree Natura Terapias","robots":{"index":"index","follow":"follow","max-snippet":"max-snippet:-1","max-image-preview":"max-image-preview:large","max-video-preview":"max-video-preview:-1"},"canonical":"https:\/\/treenaturaterapias.com\/en\/conexao-ava-e-regressao\/","og_locale":"en_US","og_type":"article","og_title":"Conex\u00e3o Ava e Regress\u00e3o! - Tree Natura Terapias","og_description":"Durante a terapia Conex\u00e3o Ava por vezes \u00e9 poss\u00edvel passar por regress\u00e3o. Quando s\u00e3o casos mais complicados de o paciente entender o porqu\u00ea, e se ele se disponibilizar para saber, os Arcturianos d\u00e3o a possibilidade de ver essa vida e fazer essa regress\u00e3o onde tudo aconteceu. Este caso chegou at\u00e9 &hellip;","og_url":"https:\/\/treenaturaterapias.com\/en\/conexao-ava-e-regressao\/","og_site_name":"Tree Natura Terapias","article_published_time":"2018-02-03T09:19:20+00:00","article_modified_time":"2018-02-03T13:27:56+00:00","author":"C\u00e9lia de Jesus","twitter_card":"summary_large_image","twitter_misc":{"Written by":"C\u00e9lia de Jesus","Est. reading time":"8 minutes"},"schema":{"@context":"https:\/\/schema.org","@graph":[{"@type":"Article","@id":"https:\/\/treenaturaterapias.com\/conexao-ava-e-regressao\/#article","isPartOf":{"@id":"https:\/\/treenaturaterapias.com\/conexao-ava-e-regressao\/"},"author":{"name":"C\u00e9lia de Jesus","@id":"https:\/\/treenaturaterapias.com\/#\/schema\/person\/267944d8880bf51dd22b9803435d65c6"},"headline":"Conex\u00e3o Ava e Regress\u00e3o!","datePublished":"2018-02-03T09:19:20+00:00","dateModified":"2018-02-03T13:27:56+00:00","mainEntityOfPage":{"@id":"https:\/\/treenaturaterapias.com\/conexao-ava-e-regressao\/"},"wordCount":1572,"commentCount":0,"publisher":{"@id":"https:\/\/treenaturaterapias.com\/#\/schema\/person\/267944d8880bf51dd22b9803435d65c6"},"keywords":["abund\u00e2ncia","Conex\u00e3o AVA","consci\u00eancia","karma","Prosperidade","regress\u00e3o","relacionamentos"],"inLanguage":"en-US","potentialAction":[{"@type":"CommentAction","name":"Comment","target":["https:\/\/treenaturaterapias.com\/conexao-ava-e-regressao\/#respond"]}]},{"@type":"WebPage","@id":"https:\/\/treenaturaterapias.com\/conexao-ava-e-regressao\/","url":"https:\/\/treenaturaterapias.com\/conexao-ava-e-regressao\/","name":"Conex\u00e3o Ava e Regress\u00e3o! - Tree Natura Terapias","isPartOf":{"@id":"https:\/\/treenaturaterapias.com\/#website"},"datePublished":"2018-02-03T09:19:20+00:00","dateModified":"2018-02-03T13:27:56+00:00","breadcrumb":{"@id":"https:\/\/treenaturaterapias.com\/conexao-ava-e-regressao\/#breadcrumb"},"inLanguage":"en-US","potentialAction":[{"@type":"ReadAction","target":["https:\/\/treenaturaterapias.com\/conexao-ava-e-regressao\/"]}]},{"@type":"BreadcrumbList","@id":"https:\/\/treenaturaterapias.com\/conexao-ava-e-regressao\/#breadcrumb","itemListElement":[{"@type":"ListItem","position":1,"name":"In\u00edcio","item":"https:\/\/treenaturaterapias.com\/"},{"@type":"ListItem","position":2,"name":"Conex\u00e3o Ava e Regress\u00e3o!"}]},{"@type":"WebSite","@id":"https:\/\/treenaturaterapias.com\/#website","url":"https:\/\/treenaturaterapias.com\/","name":"Tree Natura Terapias","description":"Reconhecendo o Divino que habita em si","publisher":{"@id":"https:\/\/treenaturaterapias.com\/#\/schema\/person\/267944d8880bf51dd22b9803435d65c6"},"potentialAction":[{"@type":"SearchAction","target":{"@type":"EntryPoint","urlTemplate":"https:\/\/treenaturaterapias.com\/?s={search_term_string}"},"query-input":{"@type":"PropertyValueSpecification","valueRequired":true,"valueName":"search_term_string"}}],"inLanguage":"en-US"},{"@type":["Person","Organization"],"@id":"https:\/\/treenaturaterapias.com\/#\/schema\/person\/267944d8880bf51dd22b9803435d65c6","name":"C\u00e9lia de Jesus","image":{"@type":"ImageObject","inLanguage":"en-US","@id":"https:\/\/treenaturaterapias.com\/wp-content\/uploads\/2018\/09\/cropped-18901839_10154690353442194_1408032629_o.jpg","url":"https:\/\/treenaturaterapias.com\/wp-content\/uploads\/2018\/09\/cropped-18901839_10154690353442194_1408032629_o.jpg","contentUrl":"https:\/\/treenaturaterapias.com\/wp-content\/uploads\/2018\/09\/cropped-18901839_10154690353442194_1408032629_o.jpg","width":512,"height":512,"caption":"C\u00e9lia de Jesus"},"logo":{"@id":"https:\/\/treenaturaterapias.com\/wp-content\/uploads\/2018\/09\/cropped-18901839_10154690353442194_1408032629_o.jpg"},"url":"https:\/\/treenaturaterapias.com\/en\/author\/pjnogueira\/"}]}},"_links":{"self":[{"href":"https:\/\/treenaturaterapias.com\/en\/wp-json\/wp\/v2\/posts\/518","targetHints":{"allow":["GET"]}}],"collection":[{"href":"https:\/\/treenaturaterapias.com\/en\/wp-json\/wp\/v2\/posts"}],"about":[{"href":"https:\/\/treenaturaterapias.com\/en\/wp-json\/wp\/v2\/types\/post"}],"author":[{"embeddable":true,"href":"https:\/\/treenaturaterapias.com\/en\/wp-json\/wp\/v2\/users\/1"}],"replies":[{"embeddable":true,"href":"https:\/\/treenaturaterapias.com\/en\/wp-json\/wp\/v2\/comments?post=518"}],"version-history":[{"count":0,"href":"https:\/\/treenaturaterapias.com\/en\/wp-json\/wp\/v2\/posts\/518\/revisions"}],"wp:attachment":[{"href":"https:\/\/treenaturaterapias.com\/en\/wp-json\/wp\/v2\/media?parent=518"}],"wp:term":[{"taxonomy":"category","embeddable":true,"href":"https:\/\/treenaturaterapias.com\/en\/wp-json\/wp\/v2\/categories?post=518"},{"taxonomy":"post_tag","embeddable":true,"href":"https:\/\/treenaturaterapias.com\/en\/wp-json\/wp\/v2\/tags?post=518"}],"curies":[{"name":"wp","href":"https:\/\/api.w.org\/{rel}","templated":true}]}}