{"id":428,"date":"2017-09-20T06:48:26","date_gmt":"2017-09-20T06:48:26","guid":{"rendered":"https:\/\/treenaturaterapias.com\/?p=428"},"modified":"2018-08-03T06:47:21","modified_gmt":"2018-08-03T06:47:21","slug":"confusoes-mentais-mediunidade-e-a-aura","status":"publish","type":"post","link":"https:\/\/treenaturaterapias.com\/en\/confusoes-mentais-mediunidade-e-a-aura\/","title":{"rendered":"Confus\u00f5es mentais, mediunidade e a aura"},"content":{"rendered":"<p>Este artigo foi escrito com a inten\u00e7\u00e3o de elucidar grande parte das manifesta\u00e7\u00f5es de mediunidade que passeiam todos os dias pela rua. Devemos realmente ignorar tudo isto que nos cerca e a maneira como se manifesta em n\u00f3s? Devemos pelo menos dar a oportunidade de conhecer-nos e conhecer o dom que trouxemos.<\/p>\n<p>Depois de muito tempo a bloquear a mediunidade, surgem ent\u00e3o na maioria dos casos as depress\u00f5es de anos.<br \/>\nBastava apenas estarem abertos para a sua mediunidade e come\u00e7a-la a trabalhar atrav\u00e9s de terapias como a <a href=\"https:\/\/treenaturaterapias.com\/conexao-ava\/\" target=\"_blank\" rel=\"noopener\">Conex\u00e3o AVA<\/a>, <a href=\"https:\/\/treenaturaterapias.com\/terapia-multidimensional\/\" target=\"_blank\" rel=\"noopener\">Terapia Multidimensional<\/a> ou mesmo o <a href=\"https:\/\/treenaturaterapias.com\/curso-terapia-multidimensional\/\" target=\"_blank\" rel=\"noopener\">Curso de Terapia Multidimensional<\/a>\u00a0e <a href=\"https:\/\/treenaturaterapias.com\/curso-de-reiki-o-primeiro-passo\/\" target=\"_blank\" rel=\"noopener\">curso de Reiki<\/a> que \u00e9 mais intenso. H\u00e1 tamb\u00e9m s\u00edtios que trabalham essa mediunidade mais na pr\u00e1tica que \u00e9 o caso dos centros espiritas, Terreiros de Umbanda Branca e Centros Vale do Amanhecer, Fraternidades brancas, etc\u2026<\/p>\n<p>Todos os procedimentos que tivemos errados em rela\u00e7\u00e3o \u00e1 nossa mediunidade durante a vida, ficam gravados na nossa <a href=\"https:\/\/treenaturaterapias.com\/a-leitura-de-aura\/\" target=\"_blank\" rel=\"noopener\">aura<\/a>. Isso leva ao tal desequil\u00edbrio em que se ouve o que n\u00e3o se deve, v\u00ea-se o que n\u00e3o se quer e sente-se o que nos faz sentir mal. Tudo porque a nossa mediunidade n\u00e3o est\u00e1 est\u00e1vel.<\/p>\n<p>\u00c9 necess\u00e1rio que se tenha consci\u00eancia quando a nossa mediunidade est\u00e1 a despertar e come\u00e7ar a tomar as devidas precau\u00e7\u00f5es para que n\u00e3o nos desequilibre. Tudo o que \u00e9 pequenino precisa de <a href=\"https:\/\/treenaturaterapias.com\/ser-terapeuta-e-proteccao-espiritual\/\" target=\"_blank\" rel=\"noopener\">prote\u00e7\u00e3o<\/a> at\u00e9 crescer. Assim \u00e9 a mediunidade. Precisa de <a href=\"https:\/\/treenaturaterapias.com\/ser-terapeuta-e-proteccao-espiritual\/\" target=\"_blank\" rel=\"noopener\">Prote\u00e7\u00e3o e entendimento<\/a>. \u00c9 necess\u00e1rio limpar a nossa <a href=\"https:\/\/treenaturaterapias.com\/a-leitura-de-aura\/\" target=\"_blank\" rel=\"noopener\">aura <\/a>de miasmas antigos bem como <a href=\"https:\/\/treenaturaterapias.com\/depressao-ou-obsessao\/\" target=\"_blank\" rel=\"noopener\">energias negativas<\/a> e deixar a mediunidade crescer em solo f\u00e9rtil sem afectar a nossa sa\u00fade.<\/p>\n<p>&nbsp;<\/p>\n<p>Ver mais em\u00a0<a href=\"https:\/\/lifestyle.sapo.pt\/astral\/espiritualidade\/artigos\/confusoes-mentais-mediunidade-e-a-aura?artigo-completo=sim\" target=\"_blank\" rel=\"noopener\">https:\/\/lifestyle.sapo.pt\/astral\/espiritualidade\/artigos\/confusoes-mentais-mediunidade-e-a-aura?artigo-completo=sim<\/a><\/p>\n","protected":false},"excerpt":{"rendered":"<p>Este artigo foi escrito com a inten\u00e7\u00e3o de elucidar grande parte das manifesta\u00e7\u00f5es de mediunidade que passeiam todos os dias pela rua. Devemos realmente ignorar tudo isto que nos cerca e a maneira como se manifesta em n\u00f3s? Devemos pelo menos dar a oportunidade de conhecer-nos e conhecer o dom &hellip; <\/p>\n","protected":false},"author":1,"featured_media":0,"comment_status":"open","ping_status":"open","sticky":false,"template":"","format":"standard","meta":{"_monsterinsights_skip_tracking":false,"_monsterinsights_sitenote_active":false,"_monsterinsights_sitenote_note":"","_monsterinsights_sitenote_category":0,"footnotes":""},"categories":[1],"tags":[],"class_list":["post-428","post","type-post","status-publish","format-standard","hentry","category-uncategorized"],"yoast_head":"<!-- This site is optimized with the Yoast SEO plugin v27.4 - https:\/\/yoast.com\/product\/yoast-seo-wordpress\/ -->\n<title>Confus\u00f5es mentais, mediunidade e a aura - Tree Natura Terapias<\/title>\n<meta name=\"robots\" content=\"index, follow, max-snippet:-1, max-image-preview:large, max-video-preview:-1\" \/>\n<link rel=\"canonical\" href=\"https:\/\/treenaturaterapias.com\/en\/confusoes-mentais-mediunidade-e-a-aura\/\" \/>\n<meta property=\"og:locale\" content=\"en_US\" \/>\n<meta property=\"og:locale:alternate\" content=\"pt_PT\" \/>\n<meta property=\"og:locale:alternate\" content=\"fr_FR\" \/>\n<meta property=\"og:type\" content=\"article\" \/>\n<meta property=\"og:title\" content=\"Confus\u00f5es mentais, mediunidade e a aura - Tree Natura Terapias\" \/>\n<meta property=\"og:description\" content=\"Este artigo foi escrito com a inten\u00e7\u00e3o de elucidar grande parte das manifesta\u00e7\u00f5es de mediunidade que passeiam todos os dias pela rua. Devemos realmente ignorar tudo isto que nos cerca e a maneira como se manifesta em n\u00f3s? Devemos pelo menos dar a oportunidade de conhecer-nos e conhecer o dom &hellip;\" \/>\n<meta property=\"og:url\" content=\"https:\/\/treenaturaterapias.com\/en\/confusoes-mentais-mediunidade-e-a-aura\/\" \/>\n<meta property=\"og:site_name\" content=\"Tree Natura Terapias\" \/>\n<meta property=\"article:published_time\" content=\"2017-09-20T06:48:26+00:00\" \/>\n<meta property=\"article:modified_time\" content=\"2018-08-03T06:47:21+00:00\" \/>\n<meta name=\"author\" content=\"C\u00e9lia de Jesus\" \/>\n<meta name=\"twitter:card\" content=\"summary_large_image\" \/>\n<meta name=\"twitter:label1\" content=\"Written by\" \/>\n\t<meta name=\"twitter:data1\" content=\"C\u00e9lia de Jesus\" \/>\n\t<meta name=\"twitter:label2\" content=\"Est. reading time\" \/>\n\t<meta name=\"twitter:data2\" content=\"1 minute\" \/>\n<script type=\"application\/ld+json\" class=\"yoast-schema-graph\">{\"@context\":\"https:\\\/\\\/schema.org\",\"@graph\":[{\"@type\":\"Article\",\"@id\":\"https:\\\/\\\/treenaturaterapias.com\\\/confusoes-mentais-mediunidade-e-a-aura\\\/#article\",\"isPartOf\":{\"@id\":\"https:\\\/\\\/treenaturaterapias.com\\\/confusoes-mentais-mediunidade-e-a-aura\\\/\"},\"author\":{\"name\":\"C\u00e9lia de Jesus\",\"@id\":\"https:\\\/\\\/treenaturaterapias.com\\\/#\\\/schema\\\/person\\\/267944d8880bf51dd22b9803435d65c6\"},\"headline\":\"Confus\u00f5es mentais, mediunidade e a aura\",\"datePublished\":\"2017-09-20T06:48:26+00:00\",\"dateModified\":\"2018-08-03T06:47:21+00:00\",\"mainEntityOfPage\":{\"@id\":\"https:\\\/\\\/treenaturaterapias.com\\\/confusoes-mentais-mediunidade-e-a-aura\\\/\"},\"wordCount\":302,\"commentCount\":0,\"publisher\":{\"@id\":\"https:\\\/\\\/treenaturaterapias.com\\\/#\\\/schema\\\/person\\\/267944d8880bf51dd22b9803435d65c6\"},\"inLanguage\":\"en-US\",\"potentialAction\":[{\"@type\":\"CommentAction\",\"name\":\"Comment\",\"target\":[\"https:\\\/\\\/treenaturaterapias.com\\\/confusoes-mentais-mediunidade-e-a-aura\\\/#respond\"]}]},{\"@type\":\"WebPage\",\"@id\":\"https:\\\/\\\/treenaturaterapias.com\\\/confusoes-mentais-mediunidade-e-a-aura\\\/\",\"url\":\"https:\\\/\\\/treenaturaterapias.com\\\/confusoes-mentais-mediunidade-e-a-aura\\\/\",\"name\":\"Confus\u00f5es mentais, mediunidade e a aura - Tree Natura Terapias\",\"isPartOf\":{\"@id\":\"https:\\\/\\\/treenaturaterapias.com\\\/#website\"},\"datePublished\":\"2017-09-20T06:48:26+00:00\",\"dateModified\":\"2018-08-03T06:47:21+00:00\",\"breadcrumb\":{\"@id\":\"https:\\\/\\\/treenaturaterapias.com\\\/confusoes-mentais-mediunidade-e-a-aura\\\/#breadcrumb\"},\"inLanguage\":\"en-US\",\"potentialAction\":[{\"@type\":\"ReadAction\",\"target\":[\"https:\\\/\\\/treenaturaterapias.com\\\/confusoes-mentais-mediunidade-e-a-aura\\\/\"]}]},{\"@type\":\"BreadcrumbList\",\"@id\":\"https:\\\/\\\/treenaturaterapias.com\\\/confusoes-mentais-mediunidade-e-a-aura\\\/#breadcrumb\",\"itemListElement\":[{\"@type\":\"ListItem\",\"position\":1,\"name\":\"In\u00edcio\",\"item\":\"https:\\\/\\\/treenaturaterapias.com\\\/\"},{\"@type\":\"ListItem\",\"position\":2,\"name\":\"Confus\u00f5es mentais, mediunidade e a aura\"}]},{\"@type\":\"WebSite\",\"@id\":\"https:\\\/\\\/treenaturaterapias.com\\\/#website\",\"url\":\"https:\\\/\\\/treenaturaterapias.com\\\/\",\"name\":\"Tree Natura Terapias\",\"description\":\"Reconhecendo o Divino que habita em si\",\"publisher\":{\"@id\":\"https:\\\/\\\/treenaturaterapias.com\\\/#\\\/schema\\\/person\\\/267944d8880bf51dd22b9803435d65c6\"},\"potentialAction\":[{\"@type\":\"SearchAction\",\"target\":{\"@type\":\"EntryPoint\",\"urlTemplate\":\"https:\\\/\\\/treenaturaterapias.com\\\/?s={search_term_string}\"},\"query-input\":{\"@type\":\"PropertyValueSpecification\",\"valueRequired\":true,\"valueName\":\"search_term_string\"}}],\"inLanguage\":\"en-US\"},{\"@type\":[\"Person\",\"Organization\"],\"@id\":\"https:\\\/\\\/treenaturaterapias.com\\\/#\\\/schema\\\/person\\\/267944d8880bf51dd22b9803435d65c6\",\"name\":\"C\u00e9lia de Jesus\",\"image\":{\"@type\":\"ImageObject\",\"inLanguage\":\"en-US\",\"@id\":\"https:\\\/\\\/treenaturaterapias.com\\\/wp-content\\\/uploads\\\/2018\\\/09\\\/cropped-18901839_10154690353442194_1408032629_o.jpg\",\"url\":\"https:\\\/\\\/treenaturaterapias.com\\\/wp-content\\\/uploads\\\/2018\\\/09\\\/cropped-18901839_10154690353442194_1408032629_o.jpg\",\"contentUrl\":\"https:\\\/\\\/treenaturaterapias.com\\\/wp-content\\\/uploads\\\/2018\\\/09\\\/cropped-18901839_10154690353442194_1408032629_o.jpg\",\"width\":512,\"height\":512,\"caption\":\"C\u00e9lia de Jesus\"},\"logo\":{\"@id\":\"https:\\\/\\\/treenaturaterapias.com\\\/wp-content\\\/uploads\\\/2018\\\/09\\\/cropped-18901839_10154690353442194_1408032629_o.jpg\"},\"url\":\"https:\\\/\\\/treenaturaterapias.com\\\/en\\\/author\\\/pjnogueira\\\/\"}]}<\/script>\n<!-- \/ Yoast SEO plugin. -->","yoast_head_json":{"title":"Confus\u00f5es mentais, mediunidade e a aura - Tree Natura Terapias","robots":{"index":"index","follow":"follow","max-snippet":"max-snippet:-1","max-image-preview":"max-image-preview:large","max-video-preview":"max-video-preview:-1"},"canonical":"https:\/\/treenaturaterapias.com\/en\/confusoes-mentais-mediunidade-e-a-aura\/","og_locale":"en_US","og_type":"article","og_title":"Confus\u00f5es mentais, mediunidade e a aura - Tree Natura Terapias","og_description":"Este artigo foi escrito com a inten\u00e7\u00e3o de elucidar grande parte das manifesta\u00e7\u00f5es de mediunidade que passeiam todos os dias pela rua. Devemos realmente ignorar tudo isto que nos cerca e a maneira como se manifesta em n\u00f3s? Devemos pelo menos dar a oportunidade de conhecer-nos e conhecer o dom &hellip;","og_url":"https:\/\/treenaturaterapias.com\/en\/confusoes-mentais-mediunidade-e-a-aura\/","og_site_name":"Tree Natura Terapias","article_published_time":"2017-09-20T06:48:26+00:00","article_modified_time":"2018-08-03T06:47:21+00:00","author":"C\u00e9lia de Jesus","twitter_card":"summary_large_image","twitter_misc":{"Written by":"C\u00e9lia de Jesus","Est. reading time":"1 minute"},"schema":{"@context":"https:\/\/schema.org","@graph":[{"@type":"Article","@id":"https:\/\/treenaturaterapias.com\/confusoes-mentais-mediunidade-e-a-aura\/#article","isPartOf":{"@id":"https:\/\/treenaturaterapias.com\/confusoes-mentais-mediunidade-e-a-aura\/"},"author":{"name":"C\u00e9lia de Jesus","@id":"https:\/\/treenaturaterapias.com\/#\/schema\/person\/267944d8880bf51dd22b9803435d65c6"},"headline":"Confus\u00f5es mentais, mediunidade e a aura","datePublished":"2017-09-20T06:48:26+00:00","dateModified":"2018-08-03T06:47:21+00:00","mainEntityOfPage":{"@id":"https:\/\/treenaturaterapias.com\/confusoes-mentais-mediunidade-e-a-aura\/"},"wordCount":302,"commentCount":0,"publisher":{"@id":"https:\/\/treenaturaterapias.com\/#\/schema\/person\/267944d8880bf51dd22b9803435d65c6"},"inLanguage":"en-US","potentialAction":[{"@type":"CommentAction","name":"Comment","target":["https:\/\/treenaturaterapias.com\/confusoes-mentais-mediunidade-e-a-aura\/#respond"]}]},{"@type":"WebPage","@id":"https:\/\/treenaturaterapias.com\/confusoes-mentais-mediunidade-e-a-aura\/","url":"https:\/\/treenaturaterapias.com\/confusoes-mentais-mediunidade-e-a-aura\/","name":"Confus\u00f5es mentais, mediunidade e a aura - Tree Natura Terapias","isPartOf":{"@id":"https:\/\/treenaturaterapias.com\/#website"},"datePublished":"2017-09-20T06:48:26+00:00","dateModified":"2018-08-03T06:47:21+00:00","breadcrumb":{"@id":"https:\/\/treenaturaterapias.com\/confusoes-mentais-mediunidade-e-a-aura\/#breadcrumb"},"inLanguage":"en-US","potentialAction":[{"@type":"ReadAction","target":["https:\/\/treenaturaterapias.com\/confusoes-mentais-mediunidade-e-a-aura\/"]}]},{"@type":"BreadcrumbList","@id":"https:\/\/treenaturaterapias.com\/confusoes-mentais-mediunidade-e-a-aura\/#breadcrumb","itemListElement":[{"@type":"ListItem","position":1,"name":"In\u00edcio","item":"https:\/\/treenaturaterapias.com\/"},{"@type":"ListItem","position":2,"name":"Confus\u00f5es mentais, mediunidade e a aura"}]},{"@type":"WebSite","@id":"https:\/\/treenaturaterapias.com\/#website","url":"https:\/\/treenaturaterapias.com\/","name":"Tree Natura Terapias","description":"Reconhecendo o Divino que habita em si","publisher":{"@id":"https:\/\/treenaturaterapias.com\/#\/schema\/person\/267944d8880bf51dd22b9803435d65c6"},"potentialAction":[{"@type":"SearchAction","target":{"@type":"EntryPoint","urlTemplate":"https:\/\/treenaturaterapias.com\/?s={search_term_string}"},"query-input":{"@type":"PropertyValueSpecification","valueRequired":true,"valueName":"search_term_string"}}],"inLanguage":"en-US"},{"@type":["Person","Organization"],"@id":"https:\/\/treenaturaterapias.com\/#\/schema\/person\/267944d8880bf51dd22b9803435d65c6","name":"C\u00e9lia de Jesus","image":{"@type":"ImageObject","inLanguage":"en-US","@id":"https:\/\/treenaturaterapias.com\/wp-content\/uploads\/2018\/09\/cropped-18901839_10154690353442194_1408032629_o.jpg","url":"https:\/\/treenaturaterapias.com\/wp-content\/uploads\/2018\/09\/cropped-18901839_10154690353442194_1408032629_o.jpg","contentUrl":"https:\/\/treenaturaterapias.com\/wp-content\/uploads\/2018\/09\/cropped-18901839_10154690353442194_1408032629_o.jpg","width":512,"height":512,"caption":"C\u00e9lia de Jesus"},"logo":{"@id":"https:\/\/treenaturaterapias.com\/wp-content\/uploads\/2018\/09\/cropped-18901839_10154690353442194_1408032629_o.jpg"},"url":"https:\/\/treenaturaterapias.com\/en\/author\/pjnogueira\/"}]}},"_links":{"self":[{"href":"https:\/\/treenaturaterapias.com\/en\/wp-json\/wp\/v2\/posts\/428","targetHints":{"allow":["GET"]}}],"collection":[{"href":"https:\/\/treenaturaterapias.com\/en\/wp-json\/wp\/v2\/posts"}],"about":[{"href":"https:\/\/treenaturaterapias.com\/en\/wp-json\/wp\/v2\/types\/post"}],"author":[{"embeddable":true,"href":"https:\/\/treenaturaterapias.com\/en\/wp-json\/wp\/v2\/users\/1"}],"replies":[{"embeddable":true,"href":"https:\/\/treenaturaterapias.com\/en\/wp-json\/wp\/v2\/comments?post=428"}],"version-history":[{"count":0,"href":"https:\/\/treenaturaterapias.com\/en\/wp-json\/wp\/v2\/posts\/428\/revisions"}],"wp:attachment":[{"href":"https:\/\/treenaturaterapias.com\/en\/wp-json\/wp\/v2\/media?parent=428"}],"wp:term":[{"taxonomy":"category","embeddable":true,"href":"https:\/\/treenaturaterapias.com\/en\/wp-json\/wp\/v2\/categories?post=428"},{"taxonomy":"post_tag","embeddable":true,"href":"https:\/\/treenaturaterapias.com\/en\/wp-json\/wp\/v2\/tags?post=428"}],"curies":[{"name":"wp","href":"https:\/\/api.w.org\/{rel}","templated":true}]}}