{"id":415,"date":"2017-09-12T06:17:45","date_gmt":"2017-09-12T06:17:45","guid":{"rendered":"https:\/\/treenaturaterapias.com\/?p=415"},"modified":"2018-08-02T14:31:28","modified_gmt":"2018-08-02T14:31:28","slug":"depressao-ou-obsessao","status":"publish","type":"post","link":"https:\/\/treenaturaterapias.com\/en\/depressao-ou-obsessao\/","title":{"rendered":"Depress\u00e3o ou Obsess\u00e3o?"},"content":{"rendered":"<p>A depress\u00e3o \u00e9 definitivamente dos casos mais complicados de resolver. Demora alguns meses com terapias alternativas. A pessoa j\u00e1 n\u00e3o tem muita vontade de melhorar e muitas das vezes quer que fa\u00e7am o trabalho por ela devido ao cansa\u00e7o que tem da pr\u00f3pria vida.<\/p>\n<p>Totalmente legitimo, mas de onde vem tanto cansa\u00e7o?<\/p>\n<p>As almas com depress\u00e3o e esgotamentos, a maioria tem baixa auto-estima, uma sensibilidade muito grande e excesso de controlo em uma quantidade de coisas. Anulam as suas sensa\u00e7\u00f5es para sentirem as dos outros. Errado.<\/p>\n<p>Claro que mais tarde ou mais cedo vai dar curto-circuito e a mente deixa de funcionar. Come\u00e7a a haver um sentimento de vazio muito grande e que nada faz sentido. Isto porque vivem as emo\u00e7\u00f5es dos outros em vez das suas pr\u00f3prias vontades. A depress\u00e3o chega quando se anularam tanto enquanto almas \u00fanicas, que come\u00e7am a sentir-se injusti\u00e7adas por n\u00e3o serem valorizados. Descartando assim a responsabilidade de que foram elas pr\u00f3prias que se anularam.<\/p>\n<p>Do ponto de vista espiritual, as defesas dessa alma baixam de tal maneira pela sua infelicidade, que \u00e9 presa f\u00e1cil de obsessores. Qualquer obsessor s\u00f3 entra na nossa aura pelos pensamentos e ac\u00e7\u00f5es negativas. Come\u00e7amos ent\u00e3o a ter pensamentos mais macabros, pensamentos de suic\u00eddio e atitudes de querer ficar mais isolado, porque \u00e9 isso mesmo que eles querem, nos isolar e deprimir ainda mais para que se alimentem.<\/p>\n<p>Muitos desses esp\u00edritos s\u00e3o suicidas ou morreram com uma profunda depress\u00e3o. S\u00f3 querem ver o mal e se alimentar dessa energia.<\/p>\n<p>Est\u00e3o constantemente a sugar-nos a energia e a fazer-nos pensar no que n\u00e3o devemos, que andamos sempre cansados. Muitas das vezes nem temos assim tanto trabalho f\u00edsico mas a nossa mente n\u00e3o p\u00e1ra.<\/p>\n<p>Existe tamb\u00e9m os casos de auto-obsess\u00e3o. Essas almas conseguem at\u00e9 superar os pr\u00f3prios obsessores. J\u00e1 se levantam a crucificar o dia, a julgar o pr\u00f3ximo, a culpar o mundo pelas suas atitudes, etc. A vida delas pode estar muito boa, mas insistem em dizer que n\u00e3o. \u00c9 uma das mais perigosas e silenciosas armas de depress\u00e3o.<\/p>\n<p>Fica aqui um v\u00eddeo humor\u00edstico que mostra bem como funciona <a href=\"https:\/\/www.youtube.com\/watch?v=k3dWXuvt__E&amp;t=13s\" target=\"_blank\" rel=\"noopener\">https:\/\/www.youtube.com\/watch?v=k3dWXuvt__E&amp;t=13s<\/a><\/p>\n<p>Tornam-se obsessores encarnados de outros querendo tomar o controlo das vidas de outras almas e arranjando defeitos em tudo quanto aparece na frente.\u00a0 Este \u00e9 outro tipo de obsess\u00e3o que leva \u00e1 depress\u00e3o e que faz que tenhamos obsessores de anos na nossa <a href=\"https:\/\/treenaturaterapias.com\/a-leitura-de-aura\/\" target=\"_blank\" rel=\"noopener\">aura<\/a>.<\/p>\n<p>Durante 30 anos esta foi a minha vida. Com pensamentos contradit\u00f3rios e sempre para o mal. Sem limpeza energ\u00e9tica e <a href=\"https:\/\/treenaturaterapias.com\/ser-terapeuta-e-proteccao-espiritual\/\" target=\"_blank\" rel=\"noopener\">prote\u00e7\u00e3o espiritual<\/a> era muito f\u00e1cil me dominarem.<\/p>\n<p>Por isso \u00e9 t\u00e3o dif\u00edcil tratar. \u00c9 necess\u00e1rio mudar h\u00e1bitos e padr\u00f5es de uma vida inteira bem como habituar esses obsessores que essa alma quer mudar de vida e ent\u00e3o tem de procurar outro corpo para \u201cchatear\u201d.<\/p>\n<p>\u00c9 poss\u00edvel tratar com vontade pr\u00f3pria, mas visto que no inicio \u00e9 muito dif\u00edcil devido a pessoa se encontrar debilitada a n\u00edvel emocional, \u00e9 necess\u00e1rio ter um acompanhamento espiritual ou m\u00e9dico. Como a depress\u00e3o est\u00e1 muito associada \u00e1 <a href=\"https:\/\/treenaturaterapias.com\/confusoes-mentais-mediunidade-e-a-aura\/\" target=\"_blank\" rel=\"noopener\">mediunidade<\/a>, a maioria das curas deve sim passar pelo m\u00e9dico numa fase inicial e depois continuar com a espiritual para retirar os f\u00e1rmacos e equilibrar a energia e sa\u00fade.<\/p>\n<p>Como disse no inicio s\u00e3o almas que querem milagres por estarem t\u00e3o fartas de sofrer e por j\u00e1 n\u00e3o acreditarem em nada nem nelas pr\u00f3prias. Isto faz com que queiram uma cura r\u00e1pida. Querem curar anos de depress\u00e3o em uma sess\u00e3o de Terapia. Com <a href=\"https:\/\/treenaturaterapias.com\/conexao-ava\/\" target=\"_blank\" rel=\"noopener\">Conex\u00e3o AVA<\/a> s\u00e3o pelo menos 5 sess\u00f5es para come\u00e7ar a ver resultados vis\u00edveis e come\u00e7ar a entrar noutra vibra\u00e7\u00e3o ou ent\u00e3o fazer o <a href=\"https:\/\/treenaturaterapias.com\/curso-terapia-multidimensional\/\" target=\"_blank\" rel=\"noopener\">curso de terapia multidimensional<\/a> porque equivale a umas 10 sess\u00f5es de terapia. Existe ainda as curas mais radicais e r\u00e1pidas em que ter\u00e1 de fazer <a href=\"https:\/\/treenaturaterapias.com\/iboga-retiro-em-portugal\/\" target=\"_blank\" rel=\"noopener\">retiros com plantas mestres professoras como a Iboga<\/a> e Ayahauasca. H\u00e1 ainda a op\u00e7\u00e3o mais f\u00e1cil: continuar a tomar medica\u00e7\u00e3o durante anos e desistir de viver. Mas a\u00ed n\u00e3o existe cura. Existe uma ilus\u00e3o de que j\u00e1 ningu\u00e9m consegue cura-la.<\/p>\n<p>Claro que existem <a href=\"https:\/\/treenaturaterapias.com\/karma-sera-bom-ou-mau\/\" target=\"_blank\" rel=\"noopener\">Karmas<\/a> bastante pesados desde financeiros at\u00e9 amorosos em que a vida simplesmente desmorona. Mas pense, ser\u00e1 que ficar nessa energia de depress\u00e3o ajuda? Obteve alguns bons resultados com isso? Ou estar\u00e1 a perder oportunidades de ver alem do problema, ao estar a focar-se na depress\u00e3o?<\/p>\n<p>Se voc\u00ea QUISER, h\u00e1 cura. Mas o primeiro a procurar tem de ser voc\u00ea, em vez de se lamentar uma vida inteira que \u00e9 uma \u201cvitima\u201d que adquiriu uma doen\u00e7a.<\/p>\n<p>Para alem de ser auto-obsessora durante anos tamb\u00e9m trabalhei imensos anos com almas depressivas e sei perfeitamente que muitos n\u00e3o querem ajuda. Querem apenas lamentar-se fazendo pouco para mudar. \u00c9 mais f\u00e1cil chegar a uma farm\u00e1cia, comprar medicamentos e colocar as culpas no m\u00e9dico porque n\u00e3o acertou mais uma vez na medica\u00e7\u00e3o. S\u00e3o totalmente dominadas pela mente e pela quantidade de obsessores que t\u00eam a acompanhar.<\/p>\n<p>Assuma a sua vida.<\/p>\n<p>Assuma as suas \u201cculpas\u201d por estar nessa situa\u00e7\u00e3o<\/p>\n<p>Voc\u00ea \u00e9 um ser de luz e s\u00f3 tem de sair da escurid\u00e3o. Ent\u00e3o for\u00e7a e enfrente as suas trevas.<\/p>\n<p>Seja Insight numa vibra\u00e7\u00e3o alta e n\u00e3o numa vibra\u00e7\u00e3o de tristeza.<\/p>\n<p>By C\u00e9lia de Jesus<\/p>\n","protected":false},"excerpt":{"rendered":"<p>A depress\u00e3o \u00e9 definitivamente dos casos mais complicados de resolver. Demora alguns meses com terapias alternativas. A pessoa j\u00e1 n\u00e3o tem muita vontade de melhorar e muitas das vezes quer que fa\u00e7am o trabalho por ela devido ao cansa\u00e7o que tem da pr\u00f3pria vida. Totalmente legitimo, mas de onde vem &hellip; <\/p>\n","protected":false},"author":1,"featured_media":0,"comment_status":"open","ping_status":"open","sticky":false,"template":"","format":"standard","meta":{"_monsterinsights_skip_tracking":false,"_monsterinsights_sitenote_active":false,"_monsterinsights_sitenote_note":"","_monsterinsights_sitenote_category":0,"footnotes":""},"categories":[1],"tags":[36,83,17,46,49,45,53,47,6,84,48,79],"class_list":["post-415","post","type-post","status-publish","format-standard","hentry","category-uncategorized","tag-aura","tag-ayahauasca","tag-conexao-ava","tag-cura","tag-curso-terapia-multidimensional","tag-depressao","tag-iboga","tag-karma","tag-mediunidade","tag-obsessao","tag-obsessor","tag-retiro-de-iboga"],"yoast_head":"<!-- This site is optimized with the Yoast SEO plugin v27.4 - https:\/\/yoast.com\/product\/yoast-seo-wordpress\/ -->\n<title>Depress\u00e3o ou Obsess\u00e3o? - Tree Natura Terapias<\/title>\n<meta name=\"robots\" content=\"index, follow, max-snippet:-1, max-image-preview:large, max-video-preview:-1\" \/>\n<link rel=\"canonical\" href=\"https:\/\/treenaturaterapias.com\/en\/depressao-ou-obsessao\/\" \/>\n<meta property=\"og:locale\" content=\"en_US\" \/>\n<meta property=\"og:locale:alternate\" content=\"pt_PT\" \/>\n<meta property=\"og:locale:alternate\" content=\"fr_FR\" \/>\n<meta property=\"og:type\" content=\"article\" \/>\n<meta property=\"og:title\" content=\"Depress\u00e3o ou Obsess\u00e3o? - Tree Natura Terapias\" \/>\n<meta property=\"og:description\" content=\"A depress\u00e3o \u00e9 definitivamente dos casos mais complicados de resolver. Demora alguns meses com terapias alternativas. A pessoa j\u00e1 n\u00e3o tem muita vontade de melhorar e muitas das vezes quer que fa\u00e7am o trabalho por ela devido ao cansa\u00e7o que tem da pr\u00f3pria vida. Totalmente legitimo, mas de onde vem &hellip;\" \/>\n<meta property=\"og:url\" content=\"https:\/\/treenaturaterapias.com\/en\/depressao-ou-obsessao\/\" \/>\n<meta property=\"og:site_name\" content=\"Tree Natura Terapias\" \/>\n<meta property=\"article:published_time\" content=\"2017-09-12T06:17:45+00:00\" \/>\n<meta property=\"article:modified_time\" content=\"2018-08-02T14:31:28+00:00\" \/>\n<meta name=\"author\" content=\"C\u00e9lia de Jesus\" \/>\n<meta name=\"twitter:card\" content=\"summary_large_image\" \/>\n<meta name=\"twitter:label1\" content=\"Written by\" \/>\n\t<meta name=\"twitter:data1\" content=\"C\u00e9lia de Jesus\" \/>\n\t<meta name=\"twitter:label2\" content=\"Est. reading time\" \/>\n\t<meta name=\"twitter:data2\" content=\"5 minutes\" \/>\n<script type=\"application\/ld+json\" class=\"yoast-schema-graph\">{\"@context\":\"https:\\\/\\\/schema.org\",\"@graph\":[{\"@type\":\"Article\",\"@id\":\"https:\\\/\\\/treenaturaterapias.com\\\/depressao-ou-obsessao\\\/#article\",\"isPartOf\":{\"@id\":\"https:\\\/\\\/treenaturaterapias.com\\\/depressao-ou-obsessao\\\/\"},\"author\":{\"name\":\"C\u00e9lia de Jesus\",\"@id\":\"https:\\\/\\\/treenaturaterapias.com\\\/#\\\/schema\\\/person\\\/267944d8880bf51dd22b9803435d65c6\"},\"headline\":\"Depress\u00e3o ou Obsess\u00e3o?\",\"datePublished\":\"2017-09-12T06:17:45+00:00\",\"dateModified\":\"2018-08-02T14:31:28+00:00\",\"mainEntityOfPage\":{\"@id\":\"https:\\\/\\\/treenaturaterapias.com\\\/depressao-ou-obsessao\\\/\"},\"wordCount\":947,\"commentCount\":1,\"publisher\":{\"@id\":\"https:\\\/\\\/treenaturaterapias.com\\\/#\\\/schema\\\/person\\\/267944d8880bf51dd22b9803435d65c6\"},\"keywords\":[\"aura\",\"Ayahauasca\",\"Conex\u00e3o AVA\",\"cura\",\"curso terapia multidimensional\",\"depress\u00e3o\",\"iBOGA\",\"karma\",\"Mediunidade\",\"obsess\u00e3o\",\"obsessor\",\"retiro de iboga\"],\"inLanguage\":\"en-US\",\"potentialAction\":[{\"@type\":\"CommentAction\",\"name\":\"Comment\",\"target\":[\"https:\\\/\\\/treenaturaterapias.com\\\/depressao-ou-obsessao\\\/#respond\"]}]},{\"@type\":\"WebPage\",\"@id\":\"https:\\\/\\\/treenaturaterapias.com\\\/depressao-ou-obsessao\\\/\",\"url\":\"https:\\\/\\\/treenaturaterapias.com\\\/depressao-ou-obsessao\\\/\",\"name\":\"Depress\u00e3o ou Obsess\u00e3o? - Tree Natura Terapias\",\"isPartOf\":{\"@id\":\"https:\\\/\\\/treenaturaterapias.com\\\/#website\"},\"datePublished\":\"2017-09-12T06:17:45+00:00\",\"dateModified\":\"2018-08-02T14:31:28+00:00\",\"breadcrumb\":{\"@id\":\"https:\\\/\\\/treenaturaterapias.com\\\/depressao-ou-obsessao\\\/#breadcrumb\"},\"inLanguage\":\"en-US\",\"potentialAction\":[{\"@type\":\"ReadAction\",\"target\":[\"https:\\\/\\\/treenaturaterapias.com\\\/depressao-ou-obsessao\\\/\"]}]},{\"@type\":\"BreadcrumbList\",\"@id\":\"https:\\\/\\\/treenaturaterapias.com\\\/depressao-ou-obsessao\\\/#breadcrumb\",\"itemListElement\":[{\"@type\":\"ListItem\",\"position\":1,\"name\":\"In\u00edcio\",\"item\":\"https:\\\/\\\/treenaturaterapias.com\\\/\"},{\"@type\":\"ListItem\",\"position\":2,\"name\":\"Depress\u00e3o ou Obsess\u00e3o?\"}]},{\"@type\":\"WebSite\",\"@id\":\"https:\\\/\\\/treenaturaterapias.com\\\/#website\",\"url\":\"https:\\\/\\\/treenaturaterapias.com\\\/\",\"name\":\"Tree Natura Terapias\",\"description\":\"Reconhecendo o Divino que habita em si\",\"publisher\":{\"@id\":\"https:\\\/\\\/treenaturaterapias.com\\\/#\\\/schema\\\/person\\\/267944d8880bf51dd22b9803435d65c6\"},\"potentialAction\":[{\"@type\":\"SearchAction\",\"target\":{\"@type\":\"EntryPoint\",\"urlTemplate\":\"https:\\\/\\\/treenaturaterapias.com\\\/?s={search_term_string}\"},\"query-input\":{\"@type\":\"PropertyValueSpecification\",\"valueRequired\":true,\"valueName\":\"search_term_string\"}}],\"inLanguage\":\"en-US\"},{\"@type\":[\"Person\",\"Organization\"],\"@id\":\"https:\\\/\\\/treenaturaterapias.com\\\/#\\\/schema\\\/person\\\/267944d8880bf51dd22b9803435d65c6\",\"name\":\"C\u00e9lia de Jesus\",\"image\":{\"@type\":\"ImageObject\",\"inLanguage\":\"en-US\",\"@id\":\"https:\\\/\\\/treenaturaterapias.com\\\/wp-content\\\/uploads\\\/2018\\\/09\\\/cropped-18901839_10154690353442194_1408032629_o.jpg\",\"url\":\"https:\\\/\\\/treenaturaterapias.com\\\/wp-content\\\/uploads\\\/2018\\\/09\\\/cropped-18901839_10154690353442194_1408032629_o.jpg\",\"contentUrl\":\"https:\\\/\\\/treenaturaterapias.com\\\/wp-content\\\/uploads\\\/2018\\\/09\\\/cropped-18901839_10154690353442194_1408032629_o.jpg\",\"width\":512,\"height\":512,\"caption\":\"C\u00e9lia de Jesus\"},\"logo\":{\"@id\":\"https:\\\/\\\/treenaturaterapias.com\\\/wp-content\\\/uploads\\\/2018\\\/09\\\/cropped-18901839_10154690353442194_1408032629_o.jpg\"},\"url\":\"https:\\\/\\\/treenaturaterapias.com\\\/en\\\/author\\\/pjnogueira\\\/\"}]}<\/script>\n<!-- \/ Yoast SEO plugin. -->","yoast_head_json":{"title":"Depress\u00e3o ou Obsess\u00e3o? - Tree Natura Terapias","robots":{"index":"index","follow":"follow","max-snippet":"max-snippet:-1","max-image-preview":"max-image-preview:large","max-video-preview":"max-video-preview:-1"},"canonical":"https:\/\/treenaturaterapias.com\/en\/depressao-ou-obsessao\/","og_locale":"en_US","og_type":"article","og_title":"Depress\u00e3o ou Obsess\u00e3o? - Tree Natura Terapias","og_description":"A depress\u00e3o \u00e9 definitivamente dos casos mais complicados de resolver. Demora alguns meses com terapias alternativas. A pessoa j\u00e1 n\u00e3o tem muita vontade de melhorar e muitas das vezes quer que fa\u00e7am o trabalho por ela devido ao cansa\u00e7o que tem da pr\u00f3pria vida. Totalmente legitimo, mas de onde vem &hellip;","og_url":"https:\/\/treenaturaterapias.com\/en\/depressao-ou-obsessao\/","og_site_name":"Tree Natura Terapias","article_published_time":"2017-09-12T06:17:45+00:00","article_modified_time":"2018-08-02T14:31:28+00:00","author":"C\u00e9lia de Jesus","twitter_card":"summary_large_image","twitter_misc":{"Written by":"C\u00e9lia de Jesus","Est. reading time":"5 minutes"},"schema":{"@context":"https:\/\/schema.org","@graph":[{"@type":"Article","@id":"https:\/\/treenaturaterapias.com\/depressao-ou-obsessao\/#article","isPartOf":{"@id":"https:\/\/treenaturaterapias.com\/depressao-ou-obsessao\/"},"author":{"name":"C\u00e9lia de Jesus","@id":"https:\/\/treenaturaterapias.com\/#\/schema\/person\/267944d8880bf51dd22b9803435d65c6"},"headline":"Depress\u00e3o ou Obsess\u00e3o?","datePublished":"2017-09-12T06:17:45+00:00","dateModified":"2018-08-02T14:31:28+00:00","mainEntityOfPage":{"@id":"https:\/\/treenaturaterapias.com\/depressao-ou-obsessao\/"},"wordCount":947,"commentCount":1,"publisher":{"@id":"https:\/\/treenaturaterapias.com\/#\/schema\/person\/267944d8880bf51dd22b9803435d65c6"},"keywords":["aura","Ayahauasca","Conex\u00e3o AVA","cura","curso terapia multidimensional","depress\u00e3o","iBOGA","karma","Mediunidade","obsess\u00e3o","obsessor","retiro de iboga"],"inLanguage":"en-US","potentialAction":[{"@type":"CommentAction","name":"Comment","target":["https:\/\/treenaturaterapias.com\/depressao-ou-obsessao\/#respond"]}]},{"@type":"WebPage","@id":"https:\/\/treenaturaterapias.com\/depressao-ou-obsessao\/","url":"https:\/\/treenaturaterapias.com\/depressao-ou-obsessao\/","name":"Depress\u00e3o ou Obsess\u00e3o? - Tree Natura Terapias","isPartOf":{"@id":"https:\/\/treenaturaterapias.com\/#website"},"datePublished":"2017-09-12T06:17:45+00:00","dateModified":"2018-08-02T14:31:28+00:00","breadcrumb":{"@id":"https:\/\/treenaturaterapias.com\/depressao-ou-obsessao\/#breadcrumb"},"inLanguage":"en-US","potentialAction":[{"@type":"ReadAction","target":["https:\/\/treenaturaterapias.com\/depressao-ou-obsessao\/"]}]},{"@type":"BreadcrumbList","@id":"https:\/\/treenaturaterapias.com\/depressao-ou-obsessao\/#breadcrumb","itemListElement":[{"@type":"ListItem","position":1,"name":"In\u00edcio","item":"https:\/\/treenaturaterapias.com\/"},{"@type":"ListItem","position":2,"name":"Depress\u00e3o ou Obsess\u00e3o?"}]},{"@type":"WebSite","@id":"https:\/\/treenaturaterapias.com\/#website","url":"https:\/\/treenaturaterapias.com\/","name":"Tree Natura Terapias","description":"Reconhecendo o Divino que habita em si","publisher":{"@id":"https:\/\/treenaturaterapias.com\/#\/schema\/person\/267944d8880bf51dd22b9803435d65c6"},"potentialAction":[{"@type":"SearchAction","target":{"@type":"EntryPoint","urlTemplate":"https:\/\/treenaturaterapias.com\/?s={search_term_string}"},"query-input":{"@type":"PropertyValueSpecification","valueRequired":true,"valueName":"search_term_string"}}],"inLanguage":"en-US"},{"@type":["Person","Organization"],"@id":"https:\/\/treenaturaterapias.com\/#\/schema\/person\/267944d8880bf51dd22b9803435d65c6","name":"C\u00e9lia de Jesus","image":{"@type":"ImageObject","inLanguage":"en-US","@id":"https:\/\/treenaturaterapias.com\/wp-content\/uploads\/2018\/09\/cropped-18901839_10154690353442194_1408032629_o.jpg","url":"https:\/\/treenaturaterapias.com\/wp-content\/uploads\/2018\/09\/cropped-18901839_10154690353442194_1408032629_o.jpg","contentUrl":"https:\/\/treenaturaterapias.com\/wp-content\/uploads\/2018\/09\/cropped-18901839_10154690353442194_1408032629_o.jpg","width":512,"height":512,"caption":"C\u00e9lia de Jesus"},"logo":{"@id":"https:\/\/treenaturaterapias.com\/wp-content\/uploads\/2018\/09\/cropped-18901839_10154690353442194_1408032629_o.jpg"},"url":"https:\/\/treenaturaterapias.com\/en\/author\/pjnogueira\/"}]}},"_links":{"self":[{"href":"https:\/\/treenaturaterapias.com\/en\/wp-json\/wp\/v2\/posts\/415","targetHints":{"allow":["GET"]}}],"collection":[{"href":"https:\/\/treenaturaterapias.com\/en\/wp-json\/wp\/v2\/posts"}],"about":[{"href":"https:\/\/treenaturaterapias.com\/en\/wp-json\/wp\/v2\/types\/post"}],"author":[{"embeddable":true,"href":"https:\/\/treenaturaterapias.com\/en\/wp-json\/wp\/v2\/users\/1"}],"replies":[{"embeddable":true,"href":"https:\/\/treenaturaterapias.com\/en\/wp-json\/wp\/v2\/comments?post=415"}],"version-history":[{"count":0,"href":"https:\/\/treenaturaterapias.com\/en\/wp-json\/wp\/v2\/posts\/415\/revisions"}],"wp:attachment":[{"href":"https:\/\/treenaturaterapias.com\/en\/wp-json\/wp\/v2\/media?parent=415"}],"wp:term":[{"taxonomy":"category","embeddable":true,"href":"https:\/\/treenaturaterapias.com\/en\/wp-json\/wp\/v2\/categories?post=415"},{"taxonomy":"post_tag","embeddable":true,"href":"https:\/\/treenaturaterapias.com\/en\/wp-json\/wp\/v2\/tags?post=415"}],"curies":[{"name":"wp","href":"https:\/\/api.w.org\/{rel}","templated":true}]}}