{"id":365,"date":"2017-06-07T04:08:47","date_gmt":"2017-06-07T04:08:47","guid":{"rendered":"https:\/\/treenaturaterapias.com\/?p=365"},"modified":"2017-06-07T04:18:22","modified_gmt":"2017-06-07T04:18:22","slug":"qual-sera-a-sua-morada-depois-de-morrer","status":"publish","type":"post","link":"https:\/\/treenaturaterapias.com\/en\/qual-sera-a-sua-morada-depois-de-morrer\/","title":{"rendered":"Qual ser\u00e1 a sua morada depois de morrer?"},"content":{"rendered":"<p>A morte \u00e9 a coisa mais certa e todos j\u00e1 passamos por ela uma quantidade de vezes, mas \u00e9 a maneira que passamos e a consci\u00eancia que levamos que dita a mudan\u00e7a de vida para vida.<\/p>\n<p>O Umbral ou o purgat\u00f3rio existe e\u00a0 est\u00e1 cheio de almas que l\u00e1 ca\u00edram e como t\u00eam uma consci\u00eancia baixa de cepticismo, ego\u00edsmo, vaidade e uma quantidade de atitudes que n\u00e3o nos elevam, acabaram por ficar l\u00e1. Por n\u00e3o conhecerem mais nada, nem a si mesmos.<\/p>\n<p>N\u00e3o importa a quantidade de vidas que se evolui se na morte leva apenas a ignor\u00e2ncia, dai a import\u00e2ncia de se conhecer e tentar evoluir e fazer evoluir outros. Com as suas atitudes positivas \u00e9 poss\u00edvel crescer, mas para isso tem de haver empenho da sua parte e estar de acordo com os seus <a href=\"https:\/\/treenaturaterapias.com\/qual-o-seu-dom-e-missao-de-vida\/\" target=\"_blank\" rel=\"noopener noreferrer\">dons e miss\u00f5es de vida<\/a>, s\u00f3 assim estaremos felizes e podemos fazer os outros felizes.<\/p>\n<p>Nunca esque\u00e7amos que todas as almas que est\u00e3o no Umbral foram em tempos humanas e toda a dor gerada naquele plano foi em tempos humana. Temos de ter a m\u00e1xima de compaix\u00e3o e amor por estas almas que n\u00e3o t\u00eam ningu\u00e9m que ore por elas porque em tempos violaram, suicidaram-se, roubaram, sequestraram ou simplesmente n\u00e3o viveram a vida com alegria e cheias de pensamentos e padr\u00f5es negativos. Em outras vidas elas cresceram muito mas bastou uma vida para elas ca\u00edrem no Umbral. Hoje olhamos para n\u00f3s e vemos como \u00e9 f\u00e1cil cair l\u00e1. No Umbral s\u00f3 est\u00e1 quem se sintoniza com ele, caso contrario seremos elevados \u00e1 luz. Ningu\u00e9m \u00e9 mais ou menos merecedor de l\u00e1 estar, todos cometeram certos erros em certas fases da vida e errar \u00e9 humano. \u00c9 em vida que podemos fazer a diferen\u00e7a ao nos conhecermos e mudarmos padr\u00f5es negativos para estarmos mais de acordo com a nossa miss\u00e3o de vida. \u00c9 aqui que entra o a quantidade de terapias e m\u00e9diuns que nos ajudam a conhecer-nos e a sermos melhores almas. <a href=\"https:\/\/treenaturaterapias.com\/a-leitura-de-aura\/\" target=\"_blank\" rel=\"noopener noreferrer\">Leitura de Aura<\/a>, <a href=\"https:\/\/treenaturaterapias.com\/tarot\/\" target=\"_blank\" rel=\"noopener noreferrer\">Tarot<\/a>, <a href=\"https:\/\/treenaturaterapias.com\/conexao-ava\/\" target=\"_blank\" rel=\"noopener noreferrer\">Conex\u00e3o AVA<\/a> e <a href=\"https:\/\/treenaturaterapias.com\/terapia-multidimensional\/\" target=\"_blank\" rel=\"noopener noreferrer\">Terapia Multidimensional<\/a> s\u00e3o apenas algumas das que est\u00e3o ao dispor, mas \u00e9 o principal desejo de mudar que faz com que a nossa vibra\u00e7\u00e3o comece a mudar e nunca esque\u00e7amos que n\u00e3o estamos sozinhos. Os nosso guias nos auxiliam dia e noite, nos amparam junto com as nossas equipas de luz. Ningu\u00e9m anda aqui sozinho e sem rumo, mas simplesmente perdemos a capacidade de acreditar, orar e ter f\u00e9. Deixamos de acreditar em n\u00f3s e achamos que somos \u00fanicos na gal\u00e1xia inteira. N\u00e3o temos nem a humildade de pedir ajuda, mas ainda assim os guias nunca nos largam, nem no Umbral. Fale com eles e ver\u00e1 as mudan\u00e7as a acontecer.<\/p>\n<p>Deixo aqui uma psicografia de uma alma com a religi\u00e3o de espirita para que entendamos que \u00e9 f\u00e1cil cair no Umbral e que o julgamento \u00e9 mais um padr\u00e3o negativo a ser eliminado. Agrade\u00e7o a todos os socorristas neste plano e no plano espiritual que diariamente tentam tirar estas almas das trevas atrav\u00e9s de lembra-lhes que Deus Perdoa quando temos a capacidade de nos perdoar.<\/p>\n<p>Muda os teus pensamentos e muda o teu mundo!<\/p>\n<p>Psicografado Por Hugo Lapa, Espirita<\/p>\n<p>55 anos, esp\u00edrita, sofreu um acidente e morreu de repente. Ele viu-se a sair do corpo e\u00a0 a chegar a um lugar escuro, feio, t\u00e9trico, com energias muito negativas.<\/p>\n<p>Assim que come\u00e7ou a caminhar por aquele vale sombrio, viu tr\u00eas esp\u00edritos vestidos com capa preta a caminhar na sua direc\u00e7\u00e3o. Assim que chegaram, o homem perguntou:<\/p>\n<p>\u2013 Que lugar \u00e9 este?<\/p>\n<p>\u2013 Aqui \u00e9 o que voc\u00eas esp\u00edritas chamam de Umbral \u2013 disse um dos esp\u00edritos. O homem ficou chocado com aquela informa\u00e7\u00e3o. Mal podia acreditar que estava no Umbral. Considerou que talvez estivesse ali para participar de alguma actividade socorrista aos esp\u00edritos sofredores. O esp\u00edrito negativo, que lia seus pensamentos, respondeu que n\u00e3o. Ele estava ali porque o Umbral era a zona c\u00f3smica que mais guardava sintonia com suas energias.<\/p>\n<p>\u2013 Mas isso \u00e9 imposs\u00edvel!!! \u2013 disse o esp\u00edrita em desespero.<\/p>\n<p>\u2013 N\u00e3o posso estar no Umbral. Deve haver algum erro\u2026 Em primeiro lugar eu sou esp\u00edrita, fa\u00e7o parte dessa religi\u00e3o maravilhosa que \u00e9 considerada o consolador prometido por Jesus. Realizo tamb\u00e9m projectos sociais de doa\u00e7\u00e3o de sopa aos pobres. Ministro o passe magn\u00e9tico duas vezes por semana a uma multid\u00e3o de pessoas l\u00e1 no centro. Tamb\u00e9m ajudo financeiramente institui\u00e7\u00f5es de caridade muito necessitadas, al\u00e9m de dar palestras no centro para os iniciantes no Espiritismo. Definitivamente h\u00e1 algo errado\u2026<\/p>\n<p>\u2013 N\u00e3o h\u00e1 nenhum erro \u2013 disse o esp\u00edrito das sombras.<\/p>\n<p>\u2013 Em seu actual est\u00e1gio de evolu\u00e7\u00e3o, voc\u00ea tem que ficar aqui mesmo. \u00c9 verdade que voc\u00ea \u00e9 esp\u00edrita e faz parte desta doutrina consoladora, mas intimamente voc\u00ea julgava pessoas de outras religi\u00f5es inferiores por n\u00e3o serem esp\u00edritas. Sim, voc\u00ea realizava projectos sociais dando sopa aos pobres, mas em seus pensamentos sentia-se o melhor por praticar a caridade e julgava que os pobres n\u00e3o eram t\u00e3o evolu\u00eddos por estarem amargando a pobreza, quando na verdade muitos deles eram mais puros que voc\u00ea. Sim, voc\u00ea ministrava o passe, mas considerava que seu passe era mais \u201cpoderoso\u201d e mais curador do que o passe de outros passistas. Sim, voc\u00ea ajudava financeiramente institui\u00e7\u00f5es de caridade, mas dentro de ti sempre dava o dinheiro esperando receber algo em troca e sentindo-se algu\u00e9m muito \u201ccaridoso\u201d. E finalmente\u2026 sim, voc\u00ea dava palestras aos iniciantes na doutrina, mas acreditava ter mais conhecimento que eles e se colocava numa posi\u00e7\u00e3o de destaque e vaidade intelectual. Tudo isso suscitando uma das maiores chagas da humanidade, o \u201corgulho\u201d e a \u201cvaidade\u201d.<\/p>\n<p>O homem ficou impressionado com as revela\u00e7\u00f5es daquele esp\u00edrito. De fato, revendo suas atitudes e sua perspectiva, intimamente havia quase sempre um sentimento de superioridade, de orgulho em rela\u00e7\u00e3o aos outros, diante de tudo o que foi feito.<\/p>\n<p>O esp\u00edrita ent\u00e3o olhou para dentro de si e come\u00e7ou a se arrepender de tudo aquilo, reconhecendo seu erro e sentindo-se mais humilde. Nesse momento, ele sentiu uma luz brilhando dentro dele e come\u00e7ou a se elevar. Ao perceber que estava se elevando e a deixar o Umbral, avistou outros esp\u00edritos ainda presos \u00e0 condi\u00e7\u00e3o umbralina e novamente lhe veio um orgulho e uma sensa\u00e7\u00e3o de superioridade em rela\u00e7\u00e3o aos mesmos. Ap\u00f3s sentir isso, caiu novamente no Umbral, e a queda dessa vez foi ainda mais dolorosa. Um dos esp\u00edritos trevosos disse:<\/p>\n<p>\u2013 Voc\u00ea caiu novamente porque, no momento em que se elevava, come\u00e7ou a sentir uma certa superioridade em rela\u00e7\u00e3o aos esp\u00edritos que aqui estavam, suscitando mais uma vez uma condi\u00e7\u00e3o de orgulho. Al\u00e9m disso, \u201cA quem muito foi dado, muito ser\u00e1 exigido; e a quem muito foi confiado, muito mais ser\u00e1 pedido\u201d. (Lucas 12:48).<\/p>\n<p>O homem ficou muito triste com tudo aquilo. Entrou dentro de si mesmo e com toda a sinceridade pensou: sim, \u00e9 isso mesmo. Eu fui uma pessoa arrogante por ser esp\u00edrita e por tudo o que eu fazia. Esse orgulho neutralizou todo o m\u00e9rito de minhas ac\u00e7\u00f5es. Mas tudo bem, eu mere\u00e7o estar aqui no Umbral. Vou ficar por aqui mesmo, quem sabe eu aprendo alguma coisa. N\u00e3o me importo mais comigo e entrego minha vida a Deus\u2026 Como disse Jesus, \u201cQue seja feita a vontade de Deus e n\u00e3o a minha\u201d.<\/p>\n<p>O homem caiu no ch\u00e3o e apenas se entregou a Deus com f\u00e9. Nesse momento, n\u00e3o tinha mais nenhum sentimento de orgulho e vaidade. Fechou os olhos e deixou tudo fluir\u2026<\/p>\n<p>Nesse momento, seu corpo come\u00e7ou a se tornar um corpo de luz e, sem nem perceber, come\u00e7ou a se elevar novamente. Assim que chegou a uma zona mais elevada, abriu os olhos e, para sua surpresa, havia se libertado do Umbral. Dessa vez, nem percebeu que estava se elevando e se libertando.<\/p>\n<p>Um dos esp\u00edritos trevosos estava esperando por ele nesse plano mais elevado. Tirou a capa preta e uma luz maravilhosa come\u00e7ou a brilhar. O esp\u00edrita percebeu que esse esp\u00edrito n\u00e3o era negativo, mas um esp\u00edrito de luz que o estava ajudando desde o in\u00edcio. O esp\u00edrito disse:<\/p>\n<p>\u2013 Tua ren\u00fancia de ti mesmo no \u00faltimo momento\u00a0 salvou-te do Umbral. Que tudo isso sirva de li\u00e7\u00e3o para voc\u00ea, meu filho. Toda essa experi\u00eancia que voc\u00ea passou serve para os membros de qualquer religi\u00e3o. E n\u00e3o se esque\u00e7a jamais do que disse Jesus:<\/p>\n<p><em>\u201cN\u00e3o saiba a tua m\u00e3o esquerda o que faz a tua direita\u201d.<\/em> (Mateus 6:3)<\/p>\n<p>&nbsp;<\/p>\n<p>By C\u00e9lia de Jesus<\/p>\n","protected":false},"excerpt":{"rendered":"<p>A morte \u00e9 a coisa mais certa e todos j\u00e1 passamos por ela uma quantidade de vezes, mas \u00e9 a maneira que passamos e a consci\u00eancia que levamos que dita a mudan\u00e7a de vida para vida. O Umbral ou o purgat\u00f3rio existe e\u00a0 est\u00e1 cheio de almas que l\u00e1 ca\u00edram &hellip; <\/p>\n","protected":false},"author":1,"featured_media":0,"comment_status":"open","ping_status":"open","sticky":false,"template":"","format":"standard","meta":{"_monsterinsights_skip_tracking":false,"_monsterinsights_sitenote_active":false,"_monsterinsights_sitenote_note":"","_monsterinsights_sitenote_category":0,"footnotes":""},"categories":[1],"tags":[17,40,3,5,19,39,38],"class_list":["post-365","post","type-post","status-publish","format-standard","hentry","category-uncategorized","tag-conexao-ava","tag-fe","tag-leitura-de-aura","tag-tarot","tag-terapia-multidimensional","tag-trevas","tag-umbral"],"yoast_head":"<!-- This site is optimized with the Yoast SEO plugin v27.4 - https:\/\/yoast.com\/product\/yoast-seo-wordpress\/ -->\n<title>Qual ser\u00e1 a sua morada depois de morrer? - Tree Natura Terapias<\/title>\n<meta name=\"robots\" content=\"index, follow, max-snippet:-1, max-image-preview:large, max-video-preview:-1\" \/>\n<link rel=\"canonical\" href=\"https:\/\/treenaturaterapias.com\/en\/qual-sera-a-sua-morada-depois-de-morrer\/\" \/>\n<meta property=\"og:locale\" content=\"en_US\" \/>\n<meta property=\"og:locale:alternate\" content=\"pt_PT\" \/>\n<meta property=\"og:locale:alternate\" content=\"fr_FR\" \/>\n<meta property=\"og:type\" content=\"article\" \/>\n<meta property=\"og:title\" content=\"Qual ser\u00e1 a sua morada depois de morrer? - Tree Natura Terapias\" \/>\n<meta property=\"og:description\" content=\"A morte \u00e9 a coisa mais certa e todos j\u00e1 passamos por ela uma quantidade de vezes, mas \u00e9 a maneira que passamos e a consci\u00eancia que levamos que dita a mudan\u00e7a de vida para vida. O Umbral ou o purgat\u00f3rio existe e\u00a0 est\u00e1 cheio de almas que l\u00e1 ca\u00edram &hellip;\" \/>\n<meta property=\"og:url\" content=\"https:\/\/treenaturaterapias.com\/en\/qual-sera-a-sua-morada-depois-de-morrer\/\" \/>\n<meta property=\"og:site_name\" content=\"Tree Natura Terapias\" \/>\n<meta property=\"article:published_time\" content=\"2017-06-07T04:08:47+00:00\" \/>\n<meta property=\"article:modified_time\" content=\"2017-06-07T04:18:22+00:00\" \/>\n<meta name=\"author\" content=\"C\u00e9lia de Jesus\" \/>\n<meta name=\"twitter:card\" content=\"summary_large_image\" \/>\n<meta name=\"twitter:label1\" content=\"Written by\" \/>\n\t<meta name=\"twitter:data1\" content=\"C\u00e9lia de Jesus\" \/>\n\t<meta name=\"twitter:label2\" content=\"Est. reading time\" \/>\n\t<meta name=\"twitter:data2\" content=\"7 minutes\" \/>\n<script type=\"application\/ld+json\" class=\"yoast-schema-graph\">{\"@context\":\"https:\\\/\\\/schema.org\",\"@graph\":[{\"@type\":\"Article\",\"@id\":\"https:\\\/\\\/treenaturaterapias.com\\\/qual-sera-a-sua-morada-depois-de-morrer\\\/#article\",\"isPartOf\":{\"@id\":\"https:\\\/\\\/treenaturaterapias.com\\\/qual-sera-a-sua-morada-depois-de-morrer\\\/\"},\"author\":{\"name\":\"C\u00e9lia de Jesus\",\"@id\":\"https:\\\/\\\/treenaturaterapias.com\\\/#\\\/schema\\\/person\\\/267944d8880bf51dd22b9803435d65c6\"},\"headline\":\"Qual ser\u00e1 a sua morada depois de morrer?\",\"datePublished\":\"2017-06-07T04:08:47+00:00\",\"dateModified\":\"2017-06-07T04:18:22+00:00\",\"mainEntityOfPage\":{\"@id\":\"https:\\\/\\\/treenaturaterapias.com\\\/qual-sera-a-sua-morada-depois-de-morrer\\\/\"},\"wordCount\":1502,\"commentCount\":0,\"publisher\":{\"@id\":\"https:\\\/\\\/treenaturaterapias.com\\\/#\\\/schema\\\/person\\\/267944d8880bf51dd22b9803435d65c6\"},\"keywords\":[\"Conex\u00e3o AVA\",\"f\u00e9\",\"Leitura de aura\",\"Tarot\",\"Terapia Multidimensional\",\"trevas\",\"umbral\"],\"inLanguage\":\"en-US\",\"potentialAction\":[{\"@type\":\"CommentAction\",\"name\":\"Comment\",\"target\":[\"https:\\\/\\\/treenaturaterapias.com\\\/qual-sera-a-sua-morada-depois-de-morrer\\\/#respond\"]}]},{\"@type\":\"WebPage\",\"@id\":\"https:\\\/\\\/treenaturaterapias.com\\\/qual-sera-a-sua-morada-depois-de-morrer\\\/\",\"url\":\"https:\\\/\\\/treenaturaterapias.com\\\/qual-sera-a-sua-morada-depois-de-morrer\\\/\",\"name\":\"Qual ser\u00e1 a sua morada depois de morrer? - Tree Natura Terapias\",\"isPartOf\":{\"@id\":\"https:\\\/\\\/treenaturaterapias.com\\\/#website\"},\"datePublished\":\"2017-06-07T04:08:47+00:00\",\"dateModified\":\"2017-06-07T04:18:22+00:00\",\"breadcrumb\":{\"@id\":\"https:\\\/\\\/treenaturaterapias.com\\\/qual-sera-a-sua-morada-depois-de-morrer\\\/#breadcrumb\"},\"inLanguage\":\"en-US\",\"potentialAction\":[{\"@type\":\"ReadAction\",\"target\":[\"https:\\\/\\\/treenaturaterapias.com\\\/qual-sera-a-sua-morada-depois-de-morrer\\\/\"]}]},{\"@type\":\"BreadcrumbList\",\"@id\":\"https:\\\/\\\/treenaturaterapias.com\\\/qual-sera-a-sua-morada-depois-de-morrer\\\/#breadcrumb\",\"itemListElement\":[{\"@type\":\"ListItem\",\"position\":1,\"name\":\"In\u00edcio\",\"item\":\"https:\\\/\\\/treenaturaterapias.com\\\/\"},{\"@type\":\"ListItem\",\"position\":2,\"name\":\"Qual ser\u00e1 a sua morada depois de morrer?\"}]},{\"@type\":\"WebSite\",\"@id\":\"https:\\\/\\\/treenaturaterapias.com\\\/#website\",\"url\":\"https:\\\/\\\/treenaturaterapias.com\\\/\",\"name\":\"Tree Natura Terapias\",\"description\":\"Reconhecendo o Divino que habita em si\",\"publisher\":{\"@id\":\"https:\\\/\\\/treenaturaterapias.com\\\/#\\\/schema\\\/person\\\/267944d8880bf51dd22b9803435d65c6\"},\"potentialAction\":[{\"@type\":\"SearchAction\",\"target\":{\"@type\":\"EntryPoint\",\"urlTemplate\":\"https:\\\/\\\/treenaturaterapias.com\\\/?s={search_term_string}\"},\"query-input\":{\"@type\":\"PropertyValueSpecification\",\"valueRequired\":true,\"valueName\":\"search_term_string\"}}],\"inLanguage\":\"en-US\"},{\"@type\":[\"Person\",\"Organization\"],\"@id\":\"https:\\\/\\\/treenaturaterapias.com\\\/#\\\/schema\\\/person\\\/267944d8880bf51dd22b9803435d65c6\",\"name\":\"C\u00e9lia de Jesus\",\"image\":{\"@type\":\"ImageObject\",\"inLanguage\":\"en-US\",\"@id\":\"https:\\\/\\\/treenaturaterapias.com\\\/wp-content\\\/uploads\\\/2018\\\/09\\\/cropped-18901839_10154690353442194_1408032629_o.jpg\",\"url\":\"https:\\\/\\\/treenaturaterapias.com\\\/wp-content\\\/uploads\\\/2018\\\/09\\\/cropped-18901839_10154690353442194_1408032629_o.jpg\",\"contentUrl\":\"https:\\\/\\\/treenaturaterapias.com\\\/wp-content\\\/uploads\\\/2018\\\/09\\\/cropped-18901839_10154690353442194_1408032629_o.jpg\",\"width\":512,\"height\":512,\"caption\":\"C\u00e9lia de Jesus\"},\"logo\":{\"@id\":\"https:\\\/\\\/treenaturaterapias.com\\\/wp-content\\\/uploads\\\/2018\\\/09\\\/cropped-18901839_10154690353442194_1408032629_o.jpg\"},\"url\":\"https:\\\/\\\/treenaturaterapias.com\\\/en\\\/author\\\/pjnogueira\\\/\"}]}<\/script>\n<!-- \/ Yoast SEO plugin. -->","yoast_head_json":{"title":"Qual ser\u00e1 a sua morada depois de morrer? - Tree Natura Terapias","robots":{"index":"index","follow":"follow","max-snippet":"max-snippet:-1","max-image-preview":"max-image-preview:large","max-video-preview":"max-video-preview:-1"},"canonical":"https:\/\/treenaturaterapias.com\/en\/qual-sera-a-sua-morada-depois-de-morrer\/","og_locale":"en_US","og_type":"article","og_title":"Qual ser\u00e1 a sua morada depois de morrer? - Tree Natura Terapias","og_description":"A morte \u00e9 a coisa mais certa e todos j\u00e1 passamos por ela uma quantidade de vezes, mas \u00e9 a maneira que passamos e a consci\u00eancia que levamos que dita a mudan\u00e7a de vida para vida. O Umbral ou o purgat\u00f3rio existe e\u00a0 est\u00e1 cheio de almas que l\u00e1 ca\u00edram &hellip;","og_url":"https:\/\/treenaturaterapias.com\/en\/qual-sera-a-sua-morada-depois-de-morrer\/","og_site_name":"Tree Natura Terapias","article_published_time":"2017-06-07T04:08:47+00:00","article_modified_time":"2017-06-07T04:18:22+00:00","author":"C\u00e9lia de Jesus","twitter_card":"summary_large_image","twitter_misc":{"Written by":"C\u00e9lia de Jesus","Est. reading time":"7 minutes"},"schema":{"@context":"https:\/\/schema.org","@graph":[{"@type":"Article","@id":"https:\/\/treenaturaterapias.com\/qual-sera-a-sua-morada-depois-de-morrer\/#article","isPartOf":{"@id":"https:\/\/treenaturaterapias.com\/qual-sera-a-sua-morada-depois-de-morrer\/"},"author":{"name":"C\u00e9lia de Jesus","@id":"https:\/\/treenaturaterapias.com\/#\/schema\/person\/267944d8880bf51dd22b9803435d65c6"},"headline":"Qual ser\u00e1 a sua morada depois de morrer?","datePublished":"2017-06-07T04:08:47+00:00","dateModified":"2017-06-07T04:18:22+00:00","mainEntityOfPage":{"@id":"https:\/\/treenaturaterapias.com\/qual-sera-a-sua-morada-depois-de-morrer\/"},"wordCount":1502,"commentCount":0,"publisher":{"@id":"https:\/\/treenaturaterapias.com\/#\/schema\/person\/267944d8880bf51dd22b9803435d65c6"},"keywords":["Conex\u00e3o AVA","f\u00e9","Leitura de aura","Tarot","Terapia Multidimensional","trevas","umbral"],"inLanguage":"en-US","potentialAction":[{"@type":"CommentAction","name":"Comment","target":["https:\/\/treenaturaterapias.com\/qual-sera-a-sua-morada-depois-de-morrer\/#respond"]}]},{"@type":"WebPage","@id":"https:\/\/treenaturaterapias.com\/qual-sera-a-sua-morada-depois-de-morrer\/","url":"https:\/\/treenaturaterapias.com\/qual-sera-a-sua-morada-depois-de-morrer\/","name":"Qual ser\u00e1 a sua morada depois de morrer? - Tree Natura Terapias","isPartOf":{"@id":"https:\/\/treenaturaterapias.com\/#website"},"datePublished":"2017-06-07T04:08:47+00:00","dateModified":"2017-06-07T04:18:22+00:00","breadcrumb":{"@id":"https:\/\/treenaturaterapias.com\/qual-sera-a-sua-morada-depois-de-morrer\/#breadcrumb"},"inLanguage":"en-US","potentialAction":[{"@type":"ReadAction","target":["https:\/\/treenaturaterapias.com\/qual-sera-a-sua-morada-depois-de-morrer\/"]}]},{"@type":"BreadcrumbList","@id":"https:\/\/treenaturaterapias.com\/qual-sera-a-sua-morada-depois-de-morrer\/#breadcrumb","itemListElement":[{"@type":"ListItem","position":1,"name":"In\u00edcio","item":"https:\/\/treenaturaterapias.com\/"},{"@type":"ListItem","position":2,"name":"Qual ser\u00e1 a sua morada depois de morrer?"}]},{"@type":"WebSite","@id":"https:\/\/treenaturaterapias.com\/#website","url":"https:\/\/treenaturaterapias.com\/","name":"Tree Natura Terapias","description":"Reconhecendo o Divino que habita em si","publisher":{"@id":"https:\/\/treenaturaterapias.com\/#\/schema\/person\/267944d8880bf51dd22b9803435d65c6"},"potentialAction":[{"@type":"SearchAction","target":{"@type":"EntryPoint","urlTemplate":"https:\/\/treenaturaterapias.com\/?s={search_term_string}"},"query-input":{"@type":"PropertyValueSpecification","valueRequired":true,"valueName":"search_term_string"}}],"inLanguage":"en-US"},{"@type":["Person","Organization"],"@id":"https:\/\/treenaturaterapias.com\/#\/schema\/person\/267944d8880bf51dd22b9803435d65c6","name":"C\u00e9lia de Jesus","image":{"@type":"ImageObject","inLanguage":"en-US","@id":"https:\/\/treenaturaterapias.com\/wp-content\/uploads\/2018\/09\/cropped-18901839_10154690353442194_1408032629_o.jpg","url":"https:\/\/treenaturaterapias.com\/wp-content\/uploads\/2018\/09\/cropped-18901839_10154690353442194_1408032629_o.jpg","contentUrl":"https:\/\/treenaturaterapias.com\/wp-content\/uploads\/2018\/09\/cropped-18901839_10154690353442194_1408032629_o.jpg","width":512,"height":512,"caption":"C\u00e9lia de Jesus"},"logo":{"@id":"https:\/\/treenaturaterapias.com\/wp-content\/uploads\/2018\/09\/cropped-18901839_10154690353442194_1408032629_o.jpg"},"url":"https:\/\/treenaturaterapias.com\/en\/author\/pjnogueira\/"}]}},"_links":{"self":[{"href":"https:\/\/treenaturaterapias.com\/en\/wp-json\/wp\/v2\/posts\/365","targetHints":{"allow":["GET"]}}],"collection":[{"href":"https:\/\/treenaturaterapias.com\/en\/wp-json\/wp\/v2\/posts"}],"about":[{"href":"https:\/\/treenaturaterapias.com\/en\/wp-json\/wp\/v2\/types\/post"}],"author":[{"embeddable":true,"href":"https:\/\/treenaturaterapias.com\/en\/wp-json\/wp\/v2\/users\/1"}],"replies":[{"embeddable":true,"href":"https:\/\/treenaturaterapias.com\/en\/wp-json\/wp\/v2\/comments?post=365"}],"version-history":[{"count":0,"href":"https:\/\/treenaturaterapias.com\/en\/wp-json\/wp\/v2\/posts\/365\/revisions"}],"wp:attachment":[{"href":"https:\/\/treenaturaterapias.com\/en\/wp-json\/wp\/v2\/media?parent=365"}],"wp:term":[{"taxonomy":"category","embeddable":true,"href":"https:\/\/treenaturaterapias.com\/en\/wp-json\/wp\/v2\/categories?post=365"},{"taxonomy":"post_tag","embeddable":true,"href":"https:\/\/treenaturaterapias.com\/en\/wp-json\/wp\/v2\/tags?post=365"}],"curies":[{"name":"wp","href":"https:\/\/api.w.org\/{rel}","templated":true}]}}