{"id":323,"date":"2017-05-07T20:46:21","date_gmt":"2017-05-07T20:46:21","guid":{"rendered":"https:\/\/treenaturaterapias.com\/?p=323"},"modified":"2017-10-04T04:34:52","modified_gmt":"2017-10-04T04:34:52","slug":"ser-terapeuta-e-proteccao-espiritual","status":"publish","type":"post","link":"https:\/\/treenaturaterapias.com\/en\/ser-terapeuta-e-proteccao-espiritual\/","title":{"rendered":"Ser Terapeuta e Protec\u00e7\u00e3o Espiritual!"},"content":{"rendered":"<p>Muitos acham que ser terapeuta hol\u00edstico \u00e9 uma moda e ent\u00e3o v\u00e3o tirando cursos e aplicando sem perceberem que \u00e9 uma profiss\u00e3o como outra qualquer com a agravante que temos de tratar do vis\u00edvel e invis\u00edvel.<\/p>\n<p>Ser terapeuta \u00e9 mexer literalmente no caixote do lixo dos outros. Estamos constantemente expostos a padr\u00f5es negativos, vidas completamente desfeitas, depress\u00f5es de anos e no pior dos casos, magias e obsessores. Tudo isto exige que tenhamos algum cuidado no nosso trabalho, tal como outro qualquer. Precisamos de estar em constante forma\u00e7\u00e3o divina, em que temos de nos trabalhar a n\u00f3s para podermos ajudar outros. Mas quando iniciamos este <a href=\"https:\/\/treenaturaterapias.com\/espiritualidade-o-comeco-da-caminhada\/\" target=\"_blank\" rel=\"noopener noreferrer\">caminho espiritual<\/a> a nossa vida come\u00e7a a piorar, porqu\u00ea?<\/p>\n<p>Quando iniciamos a vida de terapeutas, cada terapia que fazemos estamos tamb\u00e9m a mexer em n\u00f3s obrigatoriamente. Estamos a ancorar os guias e seres que iram trabalhar connosco. Estamos a criar o nosso espa\u00e7o de trabalho no espiritual e a nossa equipa que nos vai acompanhar para realizarmos esse trabalho. \u00c9 claro que essa equipa s\u00f3 vai trabalhar connosco se eles perceberem que estamos a fazer um esfor\u00e7o para nos purificarmos atrav\u00e9s de varias t\u00e9cnicas e para nos mantermos neste caminho.<\/p>\n<p>Ent\u00e3o toda uma vida tivemos padr\u00f5es negativos, e energias negativas \u00e1 nossa volta e \u00e9 claro que isso atrai obsessores, porque isso \u00e9 o alimento deles. Andamos a alimentar obsessores uma vida inteira at\u00e9 come\u00e7armos a nossa <a href=\"https:\/\/treenaturaterapias.com\/espiritualidade-o-comeco-da-caminhada\/\" target=\"_blank\" rel=\"noopener noreferrer\">caminhada espiritual<\/a>. Nessa altura \u00e9 normal que eles n\u00e3o gostem porque mais luz come\u00e7a a entrar nas nossas vidas e eles detestam. E o que faria qualquer ser numa situa\u00e7\u00e3o destas? Lutar pelo seu cantinho ao sol. Eles come\u00e7am a manifestar-se e a boicotar o caminho para poderem continuar a alimentarem-se dos nossos padr\u00f5es negativos. Totalmente legitimo e permitido pelo Divino porque isso ajuda-nos a crescer e tamb\u00e9m porque n\u00e3o nos podemos esquecer que n\u00e3o somos s\u00f3 esta vida. Somos uma uni\u00e3o de varias reencarna\u00e7\u00f5es em que muitas delas violamos, roubamos, fizemos magias negras, tra\u00edmos e por a\u00ed a fora. Ent\u00e3o tudo isto se manifesta quando entramos no caminho da luz. Tudo para defenderem o seu terreno.<\/p>\n<p>Por isso ser t\u00e3o importante estarmos atentos \u00e1 nossa energia e como cuidamos dela. \u00c9 isso que nos vai manter neste caminho de ser Terapeuta Hol\u00edstico, em que tratamos do corpo e do esp\u00edrito como UM s\u00f3.<\/p>\n<p>Muitos me procuram com magias totalmente indignados como podem sequer atrair aquilo, esquecendo-se que noutras vidas fizeram o mesmo e est\u00e3o a equilibrar <a href=\"https:\/\/treenaturaterapias.com\/karma-sera-bom-ou-mau\/\" target=\"_blank\" rel=\"noopener noreferrer\">Karma<\/a>. O pr\u00f3prio Terapeuta atrai este tipo de casos para poder equilibrar <a href=\"https:\/\/treenaturaterapias.com\/karma-sera-bom-ou-mau\/\" target=\"_blank\" rel=\"noopener noreferrer\">Karma<\/a>. A maioria dos terapeutas hoje no ativo trabalharam com magias em outras vidas e s\u00f3 aprendendo a proteger-se conseguir\u00e3o trabalhar na luz. Estas energias das trevas s\u00e3o poderos\u00edssimas e acabam com o nosso trabalho num instante, se quiserem. Claro que temos a protec\u00e7\u00e3o di\u00e1ria dos nossos guias para que o impacto seja menor, mas nunca nos ir\u00e3o tirar isso do caminho. Ent\u00e3o cabe a n\u00f3s fazermos o nosso trabalho aqui em baixo. Temos a responsabilidade de evoluir e fazer as nossas protec\u00e7\u00f5es. D\u00e1 trabalho? Muito. Pelo menos 2 horas do meu dia \u00e9 para fazer protec\u00e7\u00f5es e ancoramento fora o trabalho de yoga e medita\u00e7\u00e3o. \u00c9 um trabalho a tempo inteiro e \u00e9 por isso que tem de ser recompensado. N\u00e3o consigo ajudar ningu\u00e9m se n\u00e3o tiver protec\u00e7\u00e3o divina porque quanto mais avan\u00e7o mais sou atacada das mais diversas formas imagin\u00e1veis.<\/p>\n<p><strong><em><span style=\"color: #000000;\">Ora\u00e7\u00f5es e ancoramento<\/span><\/em><\/strong> \u2013 Antes De ir para qualquer trabalho levamos o que \u00e9 necess\u00e1rio para trabalhar (tablet, canetas, agendas, etc\u2026). Antes de come\u00e7ar o meu dia come\u00e7o as minhas ora\u00e7\u00f5es aos meus guias e entidades de seres de luz que trabalham comigo. Fa\u00e7o ora\u00e7\u00f5es de cora\u00e7\u00e3o e sentidas, por isso n\u00e3o h\u00e1 nenhuma em especifico que se deva usar, a n\u00e3o ser se for para um problema especifico que n\u00e3o \u00e9 o caso. 2x por dia pelo menos<\/p>\n<p><span style=\"color: #000000;\"><em><strong>Gratid\u00e3o<\/strong><\/em><\/span> &#8211; Todos os dias agrade\u00e7o pela maravilhosa vida que tenho e por todos os casos que v\u00eam ate mim. Gratid\u00e3o \u00e9 a primeira coisa que devemos fazer mesmo ainda n\u00e3o estando neste caminho. A toda a hora devemos fazer isto.<\/p>\n<p><span style=\"color: #000000;\"><em><strong>Trabalho da <a style=\"color: #000000;\" href=\"https:\/\/treenaturaterapias.com\/confusoes-mentais-mediunidade-e-a-aura\/\" target=\"_blank\" rel=\"noopener noreferrer\">mediunidade<\/a><\/strong><\/em><\/span> \u2013 Foco e trabalho da terceira vis\u00e3o atrav\u00e9s de yoga e medita\u00e7\u00e3o. Tal como trabalhar a intui\u00e7\u00e3o.<\/p>\n<p><span style=\"color: #000000;\"><em><strong>Limpeza do corpo<\/strong><\/em><\/span> &#8211; Todos os dias fa\u00e7o limpeza ao intestino, olhos e nariz. Todos eles s\u00e3o canais onde se acumulam energias negativas e que quando bloqueados impedem que tenhamos uma boa conex\u00e3o com o exterior fazendo com que sejamos vitimas das suas ordens e pensamentos.<\/p>\n<p><span style=\"color: #000000;\"><em><strong>Defuma\u00e7\u00e3o<\/strong><\/em><\/span>&#8211; \u00c9 necess\u00e1rio para quem trabalha como terapeuta diariamente manter incensos acesos e fazer defuma\u00e7\u00e3o com arruda, alecrim e alfazema. Eles elevam a vibra\u00e7\u00e3o. Existem tamb\u00e9m os sprays com ervas que aumentam a vibra\u00e7\u00e3o do espa\u00e7o mas est\u00e3o longe de uma defuma\u00e7\u00e3o.<\/p>\n<p><span style=\"color: #000000;\"><em><strong>Banhos de descarrego<\/strong><\/em><\/span> \u2013 tomar banhos de arruda, alecrim e alfazema para limpar estas energias que se acumulam na nossa aura. Quando estivermos mais pesados dever\u00e1 ser 3 dias seguidos.<\/p>\n<p>Podemos acrescentar cebola e alho para a inveja, canela e louro para prosperidade e guin\u00e9 para energia bem mais pesadas.<\/p>\n<p><span style=\"color: #000000;\"><em><strong>Consci\u00eancia<\/strong><\/em><\/span> &#8211;\u00a0 Estar cada vez mais despertos para a mudan\u00e7a de consci\u00eancia e para o que devemos trabalhar. Continuar a evoluir atrav\u00e9s de retiros e outras terapias necess\u00e1rias ao nosso desenvolvimento. Ainda hoje eu continuo a procurar terapeutas espec\u00edficos para os meus bloqueios na espiritualidade. Engane-se quem acha que tirou um curso e j\u00e1 n\u00e3o precisa de mais nada.<\/p>\n<p><span style=\"color: #000000;\"><em><strong>Humildade e compaix\u00e3o<\/strong><\/em><\/span>&#8211; Esta \u00e9 a maior sen\u00e3o a mais importante de todas as armas. Ao praticarmos de cora\u00e7\u00e3o o ser Terapeuta e ter compaix\u00e3o por quem chega at\u00e9 n\u00f3s, completamente desamparados e cheios de dores espirituais, estamos a crescer imenso a n\u00edvel espiritual. Isso eleva a nossa vibra\u00e7\u00e3o e mant\u00e9m afastadas essas energias indesej\u00e1veis. Ali\u00e1s isto resulta para qualquer alma neste planeta.<\/p>\n<p>&nbsp;<\/p>\n<p>Estas s\u00e3o algumas das t\u00e9cnicas que tenho aperfei\u00e7oado e que vejo o qu\u00e3o importantes s\u00e3o para me manter no meu trabalho como Terapeuta Hol\u00edstica.<\/p>\n<p>Seja numa<a href=\"https:\/\/treenaturaterapias.com\/a-leitura-de-aura\/\" target=\"_blank\" rel=\"noopener noreferrer\"> leitura de aura<\/a>, <a href=\"https:\/\/treenaturaterapias.com\/tarot\/\" target=\"_blank\" rel=\"noopener noreferrer\">Tarot<\/a>, <a href=\"https:\/\/treenaturaterapias.com\/conexao-ava\/\" target=\"_blank\" rel=\"noopener noreferrer\">Conex\u00e3o AVA<\/a> ou <a href=\"https:\/\/treenaturaterapias.com\/terapia-multidimensional\/\" target=\"_blank\" rel=\"noopener noreferrer\">terapia multidimensional<\/a> \u00e9 sempre necess\u00e1rio ter estes cuidados.<\/p>\n<p>Estamos a evoluir e estamos a sair de uma quantidade de vidas negativadas e isso exige trabalho e dedica\u00e7\u00e3o. Ser Terapeuta \u00e9 ser consciente a tempo inteiro e totalmente ligado ao divino.<\/p>\n<p>Eu amo meu trabalho e fa\u00e7o com toda a dedica\u00e7\u00e3o que os meus guias me permitem, mas sempre com consci\u00eancia que estou come\u00e7ada e n\u00e3o acabada.<\/p>\n<p>Nithyanandam &lt;3<\/p>\n<p>&nbsp;<\/p>\n<p>By C\u00e9lia de Jesus<\/p>\n","protected":false},"excerpt":{"rendered":"<p>Muitos acham que ser terapeuta hol\u00edstico \u00e9 uma moda e ent\u00e3o v\u00e3o tirando cursos e aplicando sem perceberem que \u00e9 uma profiss\u00e3o como outra qualquer com a agravante que temos de tratar do vis\u00edvel e invis\u00edvel. Ser terapeuta \u00e9 mexer literalmente no caixote do lixo dos outros. Estamos constantemente expostos &hellip; <\/p>\n","protected":false},"author":1,"featured_media":0,"comment_status":"open","ping_status":"open","sticky":false,"template":"","format":"standard","meta":{"_monsterinsights_skip_tracking":false,"_monsterinsights_sitenote_active":false,"_monsterinsights_sitenote_note":"","_monsterinsights_sitenote_category":0,"footnotes":""},"categories":[1],"tags":[28,30,17,29,27,32,31,3,35,6,34,33,5,26,19],"class_list":["post-323","post","type-post","status-publish","format-standard","hentry","category-uncategorized","tag-banhos-de-descarrego","tag-compaixao","tag-conexao-ava","tag-consciencia","tag-defumacao","tag-gratidao","tag-humildade","tag-leitura-de-aura","tag-magias","tag-mediunidade","tag-obessores","tag-oracao","tag-tarot","tag-terapeuta-holistico","tag-terapia-multidimensional"],"yoast_head":"<!-- This site is optimized with the Yoast SEO plugin v27.4 - https:\/\/yoast.com\/product\/yoast-seo-wordpress\/ -->\n<title>Ser Terapeuta e Protec\u00e7\u00e3o Espiritual! - Tree Natura Terapias<\/title>\n<meta name=\"robots\" content=\"index, follow, max-snippet:-1, max-image-preview:large, max-video-preview:-1\" \/>\n<link rel=\"canonical\" href=\"https:\/\/treenaturaterapias.com\/en\/ser-terapeuta-e-proteccao-espiritual\/\" \/>\n<meta property=\"og:locale\" content=\"en_US\" \/>\n<meta property=\"og:locale:alternate\" content=\"pt_PT\" \/>\n<meta property=\"og:locale:alternate\" content=\"fr_FR\" \/>\n<meta property=\"og:type\" content=\"article\" \/>\n<meta property=\"og:title\" content=\"Ser Terapeuta e Protec\u00e7\u00e3o Espiritual! - Tree Natura Terapias\" \/>\n<meta property=\"og:description\" content=\"Muitos acham que ser terapeuta hol\u00edstico \u00e9 uma moda e ent\u00e3o v\u00e3o tirando cursos e aplicando sem perceberem que \u00e9 uma profiss\u00e3o como outra qualquer com a agravante que temos de tratar do vis\u00edvel e invis\u00edvel. Ser terapeuta \u00e9 mexer literalmente no caixote do lixo dos outros. Estamos constantemente expostos &hellip;\" \/>\n<meta property=\"og:url\" content=\"https:\/\/treenaturaterapias.com\/en\/ser-terapeuta-e-proteccao-espiritual\/\" \/>\n<meta property=\"og:site_name\" content=\"Tree Natura Terapias\" \/>\n<meta property=\"article:published_time\" content=\"2017-05-07T20:46:21+00:00\" \/>\n<meta property=\"article:modified_time\" content=\"2017-10-04T04:34:52+00:00\" \/>\n<meta name=\"author\" content=\"C\u00e9lia de Jesus\" \/>\n<meta name=\"twitter:card\" content=\"summary_large_image\" \/>\n<meta name=\"twitter:label1\" content=\"Written by\" \/>\n\t<meta name=\"twitter:data1\" content=\"C\u00e9lia de Jesus\" \/>\n\t<meta name=\"twitter:label2\" content=\"Est. reading time\" \/>\n\t<meta name=\"twitter:data2\" content=\"6 minutes\" \/>\n<script type=\"application\/ld+json\" class=\"yoast-schema-graph\">{\"@context\":\"https:\\\/\\\/schema.org\",\"@graph\":[{\"@type\":\"Article\",\"@id\":\"https:\\\/\\\/treenaturaterapias.com\\\/ser-terapeuta-e-proteccao-espiritual\\\/#article\",\"isPartOf\":{\"@id\":\"https:\\\/\\\/treenaturaterapias.com\\\/ser-terapeuta-e-proteccao-espiritual\\\/\"},\"author\":{\"name\":\"C\u00e9lia de Jesus\",\"@id\":\"https:\\\/\\\/treenaturaterapias.com\\\/#\\\/schema\\\/person\\\/267944d8880bf51dd22b9803435d65c6\"},\"headline\":\"Ser Terapeuta e Protec\u00e7\u00e3o Espiritual!\",\"datePublished\":\"2017-05-07T20:46:21+00:00\",\"dateModified\":\"2017-10-04T04:34:52+00:00\",\"mainEntityOfPage\":{\"@id\":\"https:\\\/\\\/treenaturaterapias.com\\\/ser-terapeuta-e-proteccao-espiritual\\\/\"},\"wordCount\":1170,\"commentCount\":0,\"publisher\":{\"@id\":\"https:\\\/\\\/treenaturaterapias.com\\\/#\\\/schema\\\/person\\\/267944d8880bf51dd22b9803435d65c6\"},\"keywords\":[\"banhos de descarrego\",\"compaix\u00e3o\",\"Conex\u00e3o AVA\",\"consci\u00eancia\",\"defuma\u00e7\u00e3o\",\"gratid\u00e3o\",\"humildade\",\"Leitura de aura\",\"magias\",\"Mediunidade\",\"obessores\",\"ora\u00e7\u00e3o\",\"Tarot\",\"terapeuta holistico\",\"Terapia Multidimensional\"],\"inLanguage\":\"en-US\",\"potentialAction\":[{\"@type\":\"CommentAction\",\"name\":\"Comment\",\"target\":[\"https:\\\/\\\/treenaturaterapias.com\\\/ser-terapeuta-e-proteccao-espiritual\\\/#respond\"]}]},{\"@type\":\"WebPage\",\"@id\":\"https:\\\/\\\/treenaturaterapias.com\\\/ser-terapeuta-e-proteccao-espiritual\\\/\",\"url\":\"https:\\\/\\\/treenaturaterapias.com\\\/ser-terapeuta-e-proteccao-espiritual\\\/\",\"name\":\"Ser Terapeuta e Protec\u00e7\u00e3o Espiritual! - Tree Natura Terapias\",\"isPartOf\":{\"@id\":\"https:\\\/\\\/treenaturaterapias.com\\\/#website\"},\"datePublished\":\"2017-05-07T20:46:21+00:00\",\"dateModified\":\"2017-10-04T04:34:52+00:00\",\"breadcrumb\":{\"@id\":\"https:\\\/\\\/treenaturaterapias.com\\\/ser-terapeuta-e-proteccao-espiritual\\\/#breadcrumb\"},\"inLanguage\":\"en-US\",\"potentialAction\":[{\"@type\":\"ReadAction\",\"target\":[\"https:\\\/\\\/treenaturaterapias.com\\\/ser-terapeuta-e-proteccao-espiritual\\\/\"]}]},{\"@type\":\"BreadcrumbList\",\"@id\":\"https:\\\/\\\/treenaturaterapias.com\\\/ser-terapeuta-e-proteccao-espiritual\\\/#breadcrumb\",\"itemListElement\":[{\"@type\":\"ListItem\",\"position\":1,\"name\":\"In\u00edcio\",\"item\":\"https:\\\/\\\/treenaturaterapias.com\\\/\"},{\"@type\":\"ListItem\",\"position\":2,\"name\":\"Ser Terapeuta e Protec\u00e7\u00e3o Espiritual!\"}]},{\"@type\":\"WebSite\",\"@id\":\"https:\\\/\\\/treenaturaterapias.com\\\/#website\",\"url\":\"https:\\\/\\\/treenaturaterapias.com\\\/\",\"name\":\"Tree Natura Terapias\",\"description\":\"Reconhecendo o Divino que habita em si\",\"publisher\":{\"@id\":\"https:\\\/\\\/treenaturaterapias.com\\\/#\\\/schema\\\/person\\\/267944d8880bf51dd22b9803435d65c6\"},\"potentialAction\":[{\"@type\":\"SearchAction\",\"target\":{\"@type\":\"EntryPoint\",\"urlTemplate\":\"https:\\\/\\\/treenaturaterapias.com\\\/?s={search_term_string}\"},\"query-input\":{\"@type\":\"PropertyValueSpecification\",\"valueRequired\":true,\"valueName\":\"search_term_string\"}}],\"inLanguage\":\"en-US\"},{\"@type\":[\"Person\",\"Organization\"],\"@id\":\"https:\\\/\\\/treenaturaterapias.com\\\/#\\\/schema\\\/person\\\/267944d8880bf51dd22b9803435d65c6\",\"name\":\"C\u00e9lia de Jesus\",\"image\":{\"@type\":\"ImageObject\",\"inLanguage\":\"en-US\",\"@id\":\"https:\\\/\\\/treenaturaterapias.com\\\/wp-content\\\/uploads\\\/2018\\\/09\\\/cropped-18901839_10154690353442194_1408032629_o.jpg\",\"url\":\"https:\\\/\\\/treenaturaterapias.com\\\/wp-content\\\/uploads\\\/2018\\\/09\\\/cropped-18901839_10154690353442194_1408032629_o.jpg\",\"contentUrl\":\"https:\\\/\\\/treenaturaterapias.com\\\/wp-content\\\/uploads\\\/2018\\\/09\\\/cropped-18901839_10154690353442194_1408032629_o.jpg\",\"width\":512,\"height\":512,\"caption\":\"C\u00e9lia de Jesus\"},\"logo\":{\"@id\":\"https:\\\/\\\/treenaturaterapias.com\\\/wp-content\\\/uploads\\\/2018\\\/09\\\/cropped-18901839_10154690353442194_1408032629_o.jpg\"},\"url\":\"https:\\\/\\\/treenaturaterapias.com\\\/en\\\/author\\\/pjnogueira\\\/\"}]}<\/script>\n<!-- \/ Yoast SEO plugin. -->","yoast_head_json":{"title":"Ser Terapeuta e Protec\u00e7\u00e3o Espiritual! - Tree Natura Terapias","robots":{"index":"index","follow":"follow","max-snippet":"max-snippet:-1","max-image-preview":"max-image-preview:large","max-video-preview":"max-video-preview:-1"},"canonical":"https:\/\/treenaturaterapias.com\/en\/ser-terapeuta-e-proteccao-espiritual\/","og_locale":"en_US","og_type":"article","og_title":"Ser Terapeuta e Protec\u00e7\u00e3o Espiritual! - Tree Natura Terapias","og_description":"Muitos acham que ser terapeuta hol\u00edstico \u00e9 uma moda e ent\u00e3o v\u00e3o tirando cursos e aplicando sem perceberem que \u00e9 uma profiss\u00e3o como outra qualquer com a agravante que temos de tratar do vis\u00edvel e invis\u00edvel. Ser terapeuta \u00e9 mexer literalmente no caixote do lixo dos outros. Estamos constantemente expostos &hellip;","og_url":"https:\/\/treenaturaterapias.com\/en\/ser-terapeuta-e-proteccao-espiritual\/","og_site_name":"Tree Natura Terapias","article_published_time":"2017-05-07T20:46:21+00:00","article_modified_time":"2017-10-04T04:34:52+00:00","author":"C\u00e9lia de Jesus","twitter_card":"summary_large_image","twitter_misc":{"Written by":"C\u00e9lia de Jesus","Est. reading time":"6 minutes"},"schema":{"@context":"https:\/\/schema.org","@graph":[{"@type":"Article","@id":"https:\/\/treenaturaterapias.com\/ser-terapeuta-e-proteccao-espiritual\/#article","isPartOf":{"@id":"https:\/\/treenaturaterapias.com\/ser-terapeuta-e-proteccao-espiritual\/"},"author":{"name":"C\u00e9lia de Jesus","@id":"https:\/\/treenaturaterapias.com\/#\/schema\/person\/267944d8880bf51dd22b9803435d65c6"},"headline":"Ser Terapeuta e Protec\u00e7\u00e3o Espiritual!","datePublished":"2017-05-07T20:46:21+00:00","dateModified":"2017-10-04T04:34:52+00:00","mainEntityOfPage":{"@id":"https:\/\/treenaturaterapias.com\/ser-terapeuta-e-proteccao-espiritual\/"},"wordCount":1170,"commentCount":0,"publisher":{"@id":"https:\/\/treenaturaterapias.com\/#\/schema\/person\/267944d8880bf51dd22b9803435d65c6"},"keywords":["banhos de descarrego","compaix\u00e3o","Conex\u00e3o AVA","consci\u00eancia","defuma\u00e7\u00e3o","gratid\u00e3o","humildade","Leitura de aura","magias","Mediunidade","obessores","ora\u00e7\u00e3o","Tarot","terapeuta holistico","Terapia Multidimensional"],"inLanguage":"en-US","potentialAction":[{"@type":"CommentAction","name":"Comment","target":["https:\/\/treenaturaterapias.com\/ser-terapeuta-e-proteccao-espiritual\/#respond"]}]},{"@type":"WebPage","@id":"https:\/\/treenaturaterapias.com\/ser-terapeuta-e-proteccao-espiritual\/","url":"https:\/\/treenaturaterapias.com\/ser-terapeuta-e-proteccao-espiritual\/","name":"Ser Terapeuta e Protec\u00e7\u00e3o Espiritual! - Tree Natura Terapias","isPartOf":{"@id":"https:\/\/treenaturaterapias.com\/#website"},"datePublished":"2017-05-07T20:46:21+00:00","dateModified":"2017-10-04T04:34:52+00:00","breadcrumb":{"@id":"https:\/\/treenaturaterapias.com\/ser-terapeuta-e-proteccao-espiritual\/#breadcrumb"},"inLanguage":"en-US","potentialAction":[{"@type":"ReadAction","target":["https:\/\/treenaturaterapias.com\/ser-terapeuta-e-proteccao-espiritual\/"]}]},{"@type":"BreadcrumbList","@id":"https:\/\/treenaturaterapias.com\/ser-terapeuta-e-proteccao-espiritual\/#breadcrumb","itemListElement":[{"@type":"ListItem","position":1,"name":"In\u00edcio","item":"https:\/\/treenaturaterapias.com\/"},{"@type":"ListItem","position":2,"name":"Ser Terapeuta e Protec\u00e7\u00e3o Espiritual!"}]},{"@type":"WebSite","@id":"https:\/\/treenaturaterapias.com\/#website","url":"https:\/\/treenaturaterapias.com\/","name":"Tree Natura Terapias","description":"Reconhecendo o Divino que habita em si","publisher":{"@id":"https:\/\/treenaturaterapias.com\/#\/schema\/person\/267944d8880bf51dd22b9803435d65c6"},"potentialAction":[{"@type":"SearchAction","target":{"@type":"EntryPoint","urlTemplate":"https:\/\/treenaturaterapias.com\/?s={search_term_string}"},"query-input":{"@type":"PropertyValueSpecification","valueRequired":true,"valueName":"search_term_string"}}],"inLanguage":"en-US"},{"@type":["Person","Organization"],"@id":"https:\/\/treenaturaterapias.com\/#\/schema\/person\/267944d8880bf51dd22b9803435d65c6","name":"C\u00e9lia de Jesus","image":{"@type":"ImageObject","inLanguage":"en-US","@id":"https:\/\/treenaturaterapias.com\/wp-content\/uploads\/2018\/09\/cropped-18901839_10154690353442194_1408032629_o.jpg","url":"https:\/\/treenaturaterapias.com\/wp-content\/uploads\/2018\/09\/cropped-18901839_10154690353442194_1408032629_o.jpg","contentUrl":"https:\/\/treenaturaterapias.com\/wp-content\/uploads\/2018\/09\/cropped-18901839_10154690353442194_1408032629_o.jpg","width":512,"height":512,"caption":"C\u00e9lia de Jesus"},"logo":{"@id":"https:\/\/treenaturaterapias.com\/wp-content\/uploads\/2018\/09\/cropped-18901839_10154690353442194_1408032629_o.jpg"},"url":"https:\/\/treenaturaterapias.com\/en\/author\/pjnogueira\/"}]}},"_links":{"self":[{"href":"https:\/\/treenaturaterapias.com\/en\/wp-json\/wp\/v2\/posts\/323","targetHints":{"allow":["GET"]}}],"collection":[{"href":"https:\/\/treenaturaterapias.com\/en\/wp-json\/wp\/v2\/posts"}],"about":[{"href":"https:\/\/treenaturaterapias.com\/en\/wp-json\/wp\/v2\/types\/post"}],"author":[{"embeddable":true,"href":"https:\/\/treenaturaterapias.com\/en\/wp-json\/wp\/v2\/users\/1"}],"replies":[{"embeddable":true,"href":"https:\/\/treenaturaterapias.com\/en\/wp-json\/wp\/v2\/comments?post=323"}],"version-history":[{"count":0,"href":"https:\/\/treenaturaterapias.com\/en\/wp-json\/wp\/v2\/posts\/323\/revisions"}],"wp:attachment":[{"href":"https:\/\/treenaturaterapias.com\/en\/wp-json\/wp\/v2\/media?parent=323"}],"wp:term":[{"taxonomy":"category","embeddable":true,"href":"https:\/\/treenaturaterapias.com\/en\/wp-json\/wp\/v2\/categories?post=323"},{"taxonomy":"post_tag","embeddable":true,"href":"https:\/\/treenaturaterapias.com\/en\/wp-json\/wp\/v2\/tags?post=323"}],"curies":[{"name":"wp","href":"https:\/\/api.w.org\/{rel}","templated":true}]}}