{"id":313,"date":"2017-05-03T14:23:54","date_gmt":"2017-05-03T14:23:54","guid":{"rendered":"https:\/\/treenaturaterapias.com\/?p=313"},"modified":"2018-04-27T14:40:21","modified_gmt":"2018-04-27T14:40:21","slug":"do-nada-ao-ava","status":"publish","type":"post","link":"https:\/\/treenaturaterapias.com\/en\/do-nada-ao-ava\/","title":{"rendered":"Do NADA ao AVA"},"content":{"rendered":"<div>Este artigo foi escrito por uma paciente minha em 2017, e descreve perfeitamente o que se sente com a Conex\u00e3o AVA. S\u00e3o sess\u00f5es muito intensas mas de profunda liberta\u00e7\u00e3o. Espero que possa ajudar muitos a perceber que \u00e9 poss\u00edvel chegar \u00e1 felicidade! Muito grata por este artigo lindo Andreia &lt;3<\/div>\n<div>Hoje em 2018 a Andreia trabalha como Terapeuta Holistica, fruto do seu profundo desenvolvimento interno!<\/div>\n<div><\/div>\n<div><\/div>\n<div>&#8220;Estava perdida. Imersa em confus\u00e3o. N\u00e3o conseguia ver a luz ao fundo do t\u00fanel. Ali\u00e1s, n\u00e3o via sequer o t\u00fanel! Uma sombra do que sabia que poderia ser, e do que j\u00e1 tinha sido.<\/div>\n<div>Tinha uma f\u00e9 tremida em tudo e em quase nada, e a vontade de sorrir, de aproveitar os minutos c\u00e1 em baixo escoava-se e como que se me fugisse por entre os dedos.<\/div>\n<div>E depois. As desculpas! E as culpas!<\/div>\n<div>Do mundo, das pessoas, do tr\u00e2nsito, do tempo, da falta de tempo&#8230; De tudo!<\/div>\n<div>Sem perceber, que a faca e o queijo estavam na minha m\u00e3o, e que como em muitas outras situa\u00e7\u00f5es s\u00f3 dependia de mim!<\/div>\n<div>Precisava de luz! Precisava da minha luz!<\/div>\n<div>E eis que ela chegou! E eu nem sequer a vi. E hoje tenho a certeza de que se eles se apresentassem \u00e0 minha frente e me dissessem que eu iria viver tudo isto e chegar at\u00e9 aqui, ia me rir.<\/div>\n<div>E \u00e9 ent\u00e3o que passo pelo que eu considero os estados principais deste caminho.<\/div>\n<div>Resist\u00eancia.<\/div>\n<div>Nega\u00e7\u00e3o.<\/div>\n<div>Desculpas.<\/div>\n<div>Mentira.<\/div>\n<div>Desespero.<\/div>\n<div>Resist\u00eancia.<\/div>\n<div>Rendi\u00e7\u00e3o.<\/div>\n<div>Luz!<\/div>\n<div>Demorou, doeu, custou. Mas nada poderia ser feito por mim, sem que eu tivesse plena e perfeita consci\u00eancia, de que queria sair daquele estado.<\/div>\n<div>A luta contra padr\u00f5es criados, enraizados, agarrados, \u00e9 longa e cansativa.<\/div>\n<div>Mas ap\u00f3s toda a resist\u00eancia, e nega\u00e7\u00e3o, e desculpas, e mentiras, e desespero, veio finalmente a rendi\u00e7\u00e3o, e a luz que eu tanto precisava!<\/div>\n<div>A minha alma gritou a plenos pulm\u00f5es, de l\u00e1grimas a escorrer, do mais profundo de mim, que j\u00e1 chegava!<\/div>\n<div>Foi ent\u00e3o que a minha irm\u00e3 c\u00e1 em baixo me falou da <a href=\"https:\/\/treenaturaterapias.com\/conexao-ava\/\" target=\"_blank\" rel=\"noopener noreferrer\">Terapia de Conex\u00e3o AVA<\/a> e pouco depois, a Tree Natura Terapias e a C\u00e9lia entraram na minha vida!<br \/>\nA disponibilidade, a amabilidade, a clareza na explica\u00e7\u00e3o, a luz que emana dela e a certeza e a garantia que o meu tempo tinha chegado, fez-me reacender a centelha da esperan\u00e7a.<\/div>\n<div>E dei o meu primeiro salto sem rede!<\/div>\n<div>A primeira sess\u00e3o chegou. E pela primeira vez, atrevo-me a dizer que em 30 anos de exist\u00eancia, vi, senti, e acreditei que o amor incondicional existe!<\/div>\n<div>E despi-me! De conceitos. De preconceitos. E senti! Fundo!<\/div>\n<div>E chorei, chorei muito. Chorei uma dor de agora, uma dor de muitas vidas. Mas a grande diferen\u00e7a, entre as l\u00e1grimas de antes e daquele momento, foi que n\u00e3o me sentia, que n\u00e3o estava mais sozinha!<\/div>\n<div>A compreens\u00e3o, a compaix\u00e3o, e o amparo estavam naquele quarto, e nesta casa.<\/div>\n<div>E at\u00e9 hoje permanecem!<\/div>\n<div>E vi a minha casa cheia estando vazia. E n\u00e3o me senti mais sozinha. N\u00e3o senti mais medo! Confiei. Deixei ser!<\/div>\n<div>A limpeza, foi e est\u00e1 a ser dura! Dos sintomas f\u00edsicos aos sintomas emocionais, a montanha russa n\u00e3o acaba!<\/div>\n<div>A sensibilidade aflorou, e a minha capacidade de me ler, de me compreender, de me enfrentar e confrontar vieram.<\/div>\n<div>Senti-me a nascer! E com isso a minha vida, a forma de ver o mundo e as almas que nele habitam mudou tamb\u00e9m.<\/div>\n<div>Estou grata! Eternamente grata! A todos os professores que o universo me forneceu!<\/div>\n<div>Por ter encontrado uma terapeuta com uma alma gigante, com uma\u00a0 compaix\u00e3o sem tamanho, conhecimento sem fim, e sempre, sempre dispon\u00edvel para ajudar, aconselhar, orientar e guiar!<\/div>\n<div>E por ter uma irm\u00e3 com uma alma enorme! Que est\u00e1 sempre aqui. Que me abana e puxa a minha frequ\u00eancia quando me v\u00ea a ir pra baixo. Que est\u00e1 comigo! Em mim!<\/div>\n<div>A minha vida come\u00e7ou!<\/div>\n<div>Duas sess\u00f5es de<a href=\"https:\/\/treenaturaterapias.com\/conexao-ava\/\" target=\"_blank\" rel=\"noopener noreferrer\"> Terapia de Conex\u00e3o AVA <\/a>depois, e sinto as mudan\u00e7as a acontecerem \u00e0 velocidade da luz, e n\u00e3o quero parar!<\/div>\n<div>O caminho\u00a0 vai ser longo! Vai ser duro! Vai ser trabalhoso!<\/div>\n<div>Muitas l\u00e1grimas v\u00e3o rolar ainda. Vou ser posta \u00e0 prova, e vou passar por prova\u00e7\u00f5es. O desconhecido, o n\u00e3o saber, ainda me assustam!<\/div>\n<div>Mas sempre que isso acontece, eles dizem-me &#8220;confia&#8221;! E eu confio! E vou continuar a confiar.<\/div>\n<div>O que amanh\u00e3 me espera preocupa-me. Mas j\u00e1 n\u00e3o me desespera.<\/div>\n<div>Porque agora estou certa e com a certeza de eles est\u00e3o l\u00e1! E que por vezes perder, significa ganhar. Que chorar n\u00e3o \u00e9 sempre sinal de tristeza nem sinal de fraqueza.<\/div>\n<div>E o mais importante! Todos n\u00f3s somos importantes! Todos n\u00f3s somos almas em estado de evolu\u00e7\u00e3o. E que o mal que fizemos durante quarenta ou cinquenta vidas pouco importa para eles! O que importa \u00e9 a tua capacidade de rendi\u00e7\u00e3o. O que tu \u00e9s hoje, e o que desejas ser amanh\u00e3!<\/div>\n<div>E que antes de julgarmos seja quem for, de condenarmos o mais vil dos crimes e injusti\u00e7as, nos possamos lembrar que por detr\u00e1s de cada olhar existe uma hist\u00f3ria! E existe uma alma!<\/div>\n<div>Que cedo ou tarde ir\u00e1 pedir rendi\u00e7\u00e3o, ir\u00e1 entender o mal que fez, e que \u00e9 agora que todas essas almas precisam da nossa compaix\u00e3o! N\u00e3o da nossa pena ou do nosso julgamento!<\/div>\n<div>Todos nos perdemos! Todos nos arrependemos!<\/div>\n<div>Mas no final, cedo ou tarde, com muito ou pouco tempo, todos desejamos o mesmo.<\/div>\n<div>Voltar a casa! Voltar para casa!<\/div>\n<div><\/div>\n<div>Andreia Chaves<\/div>\n<div>Terapeuta Holistica<\/div>\n<div>+31 6 21956366<\/div>\n<div>www.facebook.com\/TherapiesEquilibrium\/<\/div>\n<div>eaquilibriumtherapies@outlook.com<\/div>\n<div><\/div>\n<div>Ver mais em <a href=\"https:\/\/andreiacunhachaves.wixsite.com\/nexosemcomplexo\/single-post\/2017\/05\/03\/Do-Nada-ao-AVA\" target=\"_blank\" rel=\"noopener noreferrer\">https:\/\/andreiacunhachaves.wixsite.com\/nexosemcomplexo\/single-post\/2017\/05\/03\/Do-Nada-ao-AVA<\/a><\/div>\n","protected":false},"excerpt":{"rendered":"<p>Este artigo foi escrito por uma paciente minha em 2017, e descreve perfeitamente o que se sente com a Conex\u00e3o AVA. S\u00e3o sess\u00f5es muito intensas mas de profunda liberta\u00e7\u00e3o. Espero que possa ajudar muitos a perceber que \u00e9 poss\u00edvel chegar \u00e1 felicidade! Muito grata por este artigo lindo Andreia &lt;3 &hellip; <\/p>\n","protected":false},"author":1,"featured_media":0,"comment_status":"open","ping_status":"open","sticky":false,"template":"","format":"standard","meta":{"_monsterinsights_skip_tracking":false,"_monsterinsights_sitenote_active":false,"_monsterinsights_sitenote_note":"","_monsterinsights_sitenote_category":0,"footnotes":""},"categories":[1],"tags":[17,20],"class_list":["post-313","post","type-post","status-publish","format-standard","hentry","category-uncategorized","tag-conexao-ava","tag-terapias"],"yoast_head":"<!-- This site is optimized with the Yoast SEO plugin v27.4 - https:\/\/yoast.com\/product\/yoast-seo-wordpress\/ -->\n<title>Do NADA ao AVA - Tree Natura Terapias<\/title>\n<meta name=\"robots\" content=\"index, follow, max-snippet:-1, max-image-preview:large, max-video-preview:-1\" \/>\n<link rel=\"canonical\" href=\"https:\/\/treenaturaterapias.com\/en\/do-nada-ao-ava\/\" \/>\n<meta property=\"og:locale\" content=\"en_US\" \/>\n<meta property=\"og:locale:alternate\" content=\"pt_PT\" \/>\n<meta property=\"og:locale:alternate\" content=\"fr_FR\" \/>\n<meta property=\"og:type\" content=\"article\" \/>\n<meta property=\"og:title\" content=\"Do NADA ao AVA - Tree Natura Terapias\" \/>\n<meta property=\"og:description\" content=\"Este artigo foi escrito por uma paciente minha em 2017, e descreve perfeitamente o que se sente com a Conex\u00e3o AVA. S\u00e3o sess\u00f5es muito intensas mas de profunda liberta\u00e7\u00e3o. Espero que possa ajudar muitos a perceber que \u00e9 poss\u00edvel chegar \u00e1 felicidade! Muito grata por este artigo lindo Andreia &lt;3 &hellip;\" \/>\n<meta property=\"og:url\" content=\"https:\/\/treenaturaterapias.com\/en\/do-nada-ao-ava\/\" \/>\n<meta property=\"og:site_name\" content=\"Tree Natura Terapias\" \/>\n<meta property=\"article:published_time\" content=\"2017-05-03T14:23:54+00:00\" \/>\n<meta property=\"article:modified_time\" content=\"2018-04-27T14:40:21+00:00\" \/>\n<meta name=\"author\" content=\"C\u00e9lia de Jesus\" \/>\n<meta name=\"twitter:card\" content=\"summary_large_image\" \/>\n<meta name=\"twitter:label1\" content=\"Written by\" \/>\n\t<meta name=\"twitter:data1\" content=\"C\u00e9lia de Jesus\" \/>\n\t<meta name=\"twitter:label2\" content=\"Est. reading time\" \/>\n\t<meta name=\"twitter:data2\" content=\"5 minutes\" \/>\n<script type=\"application\/ld+json\" class=\"yoast-schema-graph\">{\"@context\":\"https:\\\/\\\/schema.org\",\"@graph\":[{\"@type\":\"Article\",\"@id\":\"https:\\\/\\\/treenaturaterapias.com\\\/do-nada-ao-ava\\\/#article\",\"isPartOf\":{\"@id\":\"https:\\\/\\\/treenaturaterapias.com\\\/do-nada-ao-ava\\\/\"},\"author\":{\"name\":\"C\u00e9lia de Jesus\",\"@id\":\"https:\\\/\\\/treenaturaterapias.com\\\/#\\\/schema\\\/person\\\/267944d8880bf51dd22b9803435d65c6\"},\"headline\":\"Do NADA ao AVA\",\"datePublished\":\"2017-05-03T14:23:54+00:00\",\"dateModified\":\"2018-04-27T14:40:21+00:00\",\"mainEntityOfPage\":{\"@id\":\"https:\\\/\\\/treenaturaterapias.com\\\/do-nada-ao-ava\\\/\"},\"wordCount\":980,\"commentCount\":0,\"publisher\":{\"@id\":\"https:\\\/\\\/treenaturaterapias.com\\\/#\\\/schema\\\/person\\\/267944d8880bf51dd22b9803435d65c6\"},\"keywords\":[\"Conex\u00e3o AVA\",\"terapias\"],\"inLanguage\":\"en-US\",\"potentialAction\":[{\"@type\":\"CommentAction\",\"name\":\"Comment\",\"target\":[\"https:\\\/\\\/treenaturaterapias.com\\\/do-nada-ao-ava\\\/#respond\"]}]},{\"@type\":\"WebPage\",\"@id\":\"https:\\\/\\\/treenaturaterapias.com\\\/do-nada-ao-ava\\\/\",\"url\":\"https:\\\/\\\/treenaturaterapias.com\\\/do-nada-ao-ava\\\/\",\"name\":\"Do NADA ao AVA - Tree Natura Terapias\",\"isPartOf\":{\"@id\":\"https:\\\/\\\/treenaturaterapias.com\\\/#website\"},\"datePublished\":\"2017-05-03T14:23:54+00:00\",\"dateModified\":\"2018-04-27T14:40:21+00:00\",\"breadcrumb\":{\"@id\":\"https:\\\/\\\/treenaturaterapias.com\\\/do-nada-ao-ava\\\/#breadcrumb\"},\"inLanguage\":\"en-US\",\"potentialAction\":[{\"@type\":\"ReadAction\",\"target\":[\"https:\\\/\\\/treenaturaterapias.com\\\/do-nada-ao-ava\\\/\"]}]},{\"@type\":\"BreadcrumbList\",\"@id\":\"https:\\\/\\\/treenaturaterapias.com\\\/do-nada-ao-ava\\\/#breadcrumb\",\"itemListElement\":[{\"@type\":\"ListItem\",\"position\":1,\"name\":\"In\u00edcio\",\"item\":\"https:\\\/\\\/treenaturaterapias.com\\\/\"},{\"@type\":\"ListItem\",\"position\":2,\"name\":\"Do NADA ao AVA\"}]},{\"@type\":\"WebSite\",\"@id\":\"https:\\\/\\\/treenaturaterapias.com\\\/#website\",\"url\":\"https:\\\/\\\/treenaturaterapias.com\\\/\",\"name\":\"Tree Natura Terapias\",\"description\":\"Reconhecendo o Divino que habita em si\",\"publisher\":{\"@id\":\"https:\\\/\\\/treenaturaterapias.com\\\/#\\\/schema\\\/person\\\/267944d8880bf51dd22b9803435d65c6\"},\"potentialAction\":[{\"@type\":\"SearchAction\",\"target\":{\"@type\":\"EntryPoint\",\"urlTemplate\":\"https:\\\/\\\/treenaturaterapias.com\\\/?s={search_term_string}\"},\"query-input\":{\"@type\":\"PropertyValueSpecification\",\"valueRequired\":true,\"valueName\":\"search_term_string\"}}],\"inLanguage\":\"en-US\"},{\"@type\":[\"Person\",\"Organization\"],\"@id\":\"https:\\\/\\\/treenaturaterapias.com\\\/#\\\/schema\\\/person\\\/267944d8880bf51dd22b9803435d65c6\",\"name\":\"C\u00e9lia de Jesus\",\"image\":{\"@type\":\"ImageObject\",\"inLanguage\":\"en-US\",\"@id\":\"https:\\\/\\\/treenaturaterapias.com\\\/wp-content\\\/uploads\\\/2018\\\/09\\\/cropped-18901839_10154690353442194_1408032629_o.jpg\",\"url\":\"https:\\\/\\\/treenaturaterapias.com\\\/wp-content\\\/uploads\\\/2018\\\/09\\\/cropped-18901839_10154690353442194_1408032629_o.jpg\",\"contentUrl\":\"https:\\\/\\\/treenaturaterapias.com\\\/wp-content\\\/uploads\\\/2018\\\/09\\\/cropped-18901839_10154690353442194_1408032629_o.jpg\",\"width\":512,\"height\":512,\"caption\":\"C\u00e9lia de Jesus\"},\"logo\":{\"@id\":\"https:\\\/\\\/treenaturaterapias.com\\\/wp-content\\\/uploads\\\/2018\\\/09\\\/cropped-18901839_10154690353442194_1408032629_o.jpg\"},\"url\":\"https:\\\/\\\/treenaturaterapias.com\\\/en\\\/author\\\/pjnogueira\\\/\"}]}<\/script>\n<!-- \/ Yoast SEO plugin. -->","yoast_head_json":{"title":"Do NADA ao AVA - Tree Natura Terapias","robots":{"index":"index","follow":"follow","max-snippet":"max-snippet:-1","max-image-preview":"max-image-preview:large","max-video-preview":"max-video-preview:-1"},"canonical":"https:\/\/treenaturaterapias.com\/en\/do-nada-ao-ava\/","og_locale":"en_US","og_type":"article","og_title":"Do NADA ao AVA - Tree Natura Terapias","og_description":"Este artigo foi escrito por uma paciente minha em 2017, e descreve perfeitamente o que se sente com a Conex\u00e3o AVA. S\u00e3o sess\u00f5es muito intensas mas de profunda liberta\u00e7\u00e3o. Espero que possa ajudar muitos a perceber que \u00e9 poss\u00edvel chegar \u00e1 felicidade! Muito grata por este artigo lindo Andreia &lt;3 &hellip;","og_url":"https:\/\/treenaturaterapias.com\/en\/do-nada-ao-ava\/","og_site_name":"Tree Natura Terapias","article_published_time":"2017-05-03T14:23:54+00:00","article_modified_time":"2018-04-27T14:40:21+00:00","author":"C\u00e9lia de Jesus","twitter_card":"summary_large_image","twitter_misc":{"Written by":"C\u00e9lia de Jesus","Est. reading time":"5 minutes"},"schema":{"@context":"https:\/\/schema.org","@graph":[{"@type":"Article","@id":"https:\/\/treenaturaterapias.com\/do-nada-ao-ava\/#article","isPartOf":{"@id":"https:\/\/treenaturaterapias.com\/do-nada-ao-ava\/"},"author":{"name":"C\u00e9lia de Jesus","@id":"https:\/\/treenaturaterapias.com\/#\/schema\/person\/267944d8880bf51dd22b9803435d65c6"},"headline":"Do NADA ao AVA","datePublished":"2017-05-03T14:23:54+00:00","dateModified":"2018-04-27T14:40:21+00:00","mainEntityOfPage":{"@id":"https:\/\/treenaturaterapias.com\/do-nada-ao-ava\/"},"wordCount":980,"commentCount":0,"publisher":{"@id":"https:\/\/treenaturaterapias.com\/#\/schema\/person\/267944d8880bf51dd22b9803435d65c6"},"keywords":["Conex\u00e3o AVA","terapias"],"inLanguage":"en-US","potentialAction":[{"@type":"CommentAction","name":"Comment","target":["https:\/\/treenaturaterapias.com\/do-nada-ao-ava\/#respond"]}]},{"@type":"WebPage","@id":"https:\/\/treenaturaterapias.com\/do-nada-ao-ava\/","url":"https:\/\/treenaturaterapias.com\/do-nada-ao-ava\/","name":"Do NADA ao AVA - Tree Natura Terapias","isPartOf":{"@id":"https:\/\/treenaturaterapias.com\/#website"},"datePublished":"2017-05-03T14:23:54+00:00","dateModified":"2018-04-27T14:40:21+00:00","breadcrumb":{"@id":"https:\/\/treenaturaterapias.com\/do-nada-ao-ava\/#breadcrumb"},"inLanguage":"en-US","potentialAction":[{"@type":"ReadAction","target":["https:\/\/treenaturaterapias.com\/do-nada-ao-ava\/"]}]},{"@type":"BreadcrumbList","@id":"https:\/\/treenaturaterapias.com\/do-nada-ao-ava\/#breadcrumb","itemListElement":[{"@type":"ListItem","position":1,"name":"In\u00edcio","item":"https:\/\/treenaturaterapias.com\/"},{"@type":"ListItem","position":2,"name":"Do NADA ao AVA"}]},{"@type":"WebSite","@id":"https:\/\/treenaturaterapias.com\/#website","url":"https:\/\/treenaturaterapias.com\/","name":"Tree Natura Terapias","description":"Reconhecendo o Divino que habita em si","publisher":{"@id":"https:\/\/treenaturaterapias.com\/#\/schema\/person\/267944d8880bf51dd22b9803435d65c6"},"potentialAction":[{"@type":"SearchAction","target":{"@type":"EntryPoint","urlTemplate":"https:\/\/treenaturaterapias.com\/?s={search_term_string}"},"query-input":{"@type":"PropertyValueSpecification","valueRequired":true,"valueName":"search_term_string"}}],"inLanguage":"en-US"},{"@type":["Person","Organization"],"@id":"https:\/\/treenaturaterapias.com\/#\/schema\/person\/267944d8880bf51dd22b9803435d65c6","name":"C\u00e9lia de Jesus","image":{"@type":"ImageObject","inLanguage":"en-US","@id":"https:\/\/treenaturaterapias.com\/wp-content\/uploads\/2018\/09\/cropped-18901839_10154690353442194_1408032629_o.jpg","url":"https:\/\/treenaturaterapias.com\/wp-content\/uploads\/2018\/09\/cropped-18901839_10154690353442194_1408032629_o.jpg","contentUrl":"https:\/\/treenaturaterapias.com\/wp-content\/uploads\/2018\/09\/cropped-18901839_10154690353442194_1408032629_o.jpg","width":512,"height":512,"caption":"C\u00e9lia de Jesus"},"logo":{"@id":"https:\/\/treenaturaterapias.com\/wp-content\/uploads\/2018\/09\/cropped-18901839_10154690353442194_1408032629_o.jpg"},"url":"https:\/\/treenaturaterapias.com\/en\/author\/pjnogueira\/"}]}},"_links":{"self":[{"href":"https:\/\/treenaturaterapias.com\/en\/wp-json\/wp\/v2\/posts\/313","targetHints":{"allow":["GET"]}}],"collection":[{"href":"https:\/\/treenaturaterapias.com\/en\/wp-json\/wp\/v2\/posts"}],"about":[{"href":"https:\/\/treenaturaterapias.com\/en\/wp-json\/wp\/v2\/types\/post"}],"author":[{"embeddable":true,"href":"https:\/\/treenaturaterapias.com\/en\/wp-json\/wp\/v2\/users\/1"}],"replies":[{"embeddable":true,"href":"https:\/\/treenaturaterapias.com\/en\/wp-json\/wp\/v2\/comments?post=313"}],"version-history":[{"count":0,"href":"https:\/\/treenaturaterapias.com\/en\/wp-json\/wp\/v2\/posts\/313\/revisions"}],"wp:attachment":[{"href":"https:\/\/treenaturaterapias.com\/en\/wp-json\/wp\/v2\/media?parent=313"}],"wp:term":[{"taxonomy":"category","embeddable":true,"href":"https:\/\/treenaturaterapias.com\/en\/wp-json\/wp\/v2\/categories?post=313"},{"taxonomy":"post_tag","embeddable":true,"href":"https:\/\/treenaturaterapias.com\/en\/wp-json\/wp\/v2\/tags?post=313"}],"curies":[{"name":"wp","href":"https:\/\/api.w.org\/{rel}","templated":true}]}}