{"id":223,"date":"2017-02-12T10:50:04","date_gmt":"2017-02-12T10:50:04","guid":{"rendered":"https:\/\/treenaturaterapias.com\/?p=223"},"modified":"2019-03-13T10:36:20","modified_gmt":"2019-03-13T10:36:20","slug":"karma-sera-bom-ou-mau","status":"publish","type":"post","link":"https:\/\/treenaturaterapias.com\/en\/karma-sera-bom-ou-mau\/","title":{"rendered":"Karma- Ser\u00e1 bom ou mau?"},"content":{"rendered":"<p>&#8220;A minha vida est\u00e1 bloqueada porque o Karma que trago actualmente \u00e9 muito grande. Tudo d\u00e1 sempre errado.&#8221;<\/p>\n<p>Esta \u00e9 uma das coisas que mais oi\u00e7o quando estou em terapias. Errado \u00e9 n\u00f3s pensarmos que n\u00e3o podemos superar isso. \u00c9 mais f\u00e1cil colocar a culpa no Karma &#8220;imagin\u00e1rio&#8221; do que se responsabilizar pela pr\u00f3pria vida. N\u00f3s somos part\u00edculas de Deus e portanto temos todo o poder para fazer diferente e melhor. O Karma n\u00e3o \u00e9 mais do que uma divida que n\u00f3s temos\u00a0 ou criamos. H\u00e1 o Karma acumulado de outras vidas e o Karma que produzimos nesta vida e tamb\u00e9m aquele que imaginamos que existe.<\/p>\n<p>Quando pedimos um empr\u00e9stimo a um banco, comprometemo-nos a pagar e o mesmo acontece entre vidas. Ao criarmos Karma noutras vidas e n\u00e3o o pagarmos, em outra vida ( n\u00e3o necessariamente a pr\u00f3xima) temos de pagar. S\u00f3 assim conseguimos equilibrar e ultrapassar e crescer.<\/p>\n<p>Agora a maneira como equilibramos o Karma \u00e9 a mais importante. O Karma n\u00e3o \u00e9 para sofrer, n\u00f3s escolhemos vir trabalhar esse Karma. Por isso \u00e9 t\u00e3o importante a abertura de consci\u00eancia para que tenhamos no\u00e7\u00e3o que aquele Karma n\u00e3o tem de ser doloroso.<\/p>\n<p><a href=\"https:\/\/treenaturaterapias.com\/relacionamento-karmico\/\">Rela\u00e7\u00f5es dolorosa<\/a>s que n\u00e3o d\u00e3o em nada em que ambos j\u00e1 perceberam que nada t\u00eam em comum, maior parte delas Karmicas, basta perceber que j\u00e1 se juntaram e j\u00e1 pagaram o Karma. Tudo o resto j\u00e1 n\u00e3o vai funcionar e ent\u00e3o h\u00e1 que largar. Para qu\u00ea continuar a sofrer com a desculpa que \u00e9 karmico, ent\u00e3o \u00e9 para a vida toda?<\/p>\n<p>Trabalhos que em nada aumentam a nossa produtividade e cada dia que passa nos deixam cada vez mais tristes, s\u00e3o apenas para nos dar a for\u00e7a para procurarmos algo melhor e de acordo com o nosso prop\u00f3sito de vida. Ainda assim preferimos ficar a lamentar-nos que \u00e9 o nosso ganha p\u00e3o e que nunca iremos ter abund\u00e2ncia e prosperidade. Logo as pessoas com abund\u00e2ncia s\u00e3o m\u00e1s e sem escr\u00fapulos.<\/p>\n<p>As pessoas s\u00e3o m\u00e1s e sem escr\u00fapulos na ess\u00eancia, com ou sem dinheiro.<\/p>\n<p>Somos n\u00f3s que fazemos as nossas realidades e como tal tamb\u00e9m temos o poder para muda-las.<\/p>\n<p>Quando\u00a0 n\u00f3s abrimos a nossa consci\u00eancia, a nossa alma volta a estar mais pr\u00f3xima de n\u00f3s e por sua vez tamb\u00e9m o nosso EU Superior. Voltamos a ter acesso a muita informa\u00e7\u00e3o que nos mostram\u00a0 o caminho e principalmente voltamos a ser\u00a0 N\u00f3s mesmos. Da\u00ed a import\u00e2ncia do auto-conhecimento interior. Seja atrav\u00e9s de pr\u00e1ticas que gostamos ( desportivas, meditativas, caminhadas,&#8230;.) ou terapias alternativas como <a href=\"https:\/\/treenaturaterapias.com\/leitura-de-aura\/\">Leitura de Aura<\/a>, <a href=\"https:\/\/treenaturaterapias.com\/conexao-ava\/\">Conexao AVA<\/a>, <a href=\"https:\/\/treenaturaterapias.com\/terapia-multidimensional\/\">Terapia Multidimensional<\/a> ou <a href=\"https:\/\/treenaturaterapias.com\/tarot\/\">Tarot<\/a>. Todas estas terapias v\u00e3o dar o conhecimento do que est\u00e1 bloqueado; o que precisa ser potencializado; os<a href=\"https:\/\/treenaturaterapias.com\/qual-o-seu-dom-e-missao-de-vida\/\"> dons<\/a> e por vezes acentuar a <a href=\"https:\/\/treenaturaterapias.com\/espiritualidade-o-comeco-da-caminhada\/\">mediunidade<\/a> que trazemos. Quando tomamos consci\u00eancia de certas ac\u00e7\u00f5es\u00a0 menos correctas, temos oportunidade de resgatar tamb\u00e9m o Karma que fizemos nesta vida actual. \u00c9 maravilhoso saber que n\u00e3o vamos levar novamente Karma para outra vida.<\/p>\n<p>H\u00e1 tamb\u00e9m t\u00e9cnicas que nos ajudam e que podemos fazer em casa:<\/p>\n<ul>\n<li><em><strong>Ora\u00e7\u00e3o de apelo \u00e1 Chama violeta de Saint Germain<\/strong> <\/em>&#8211; Esta chama foi disponibilizada para toda a humanidade para ajudar nesta nova Era de Aqu\u00e1rio. Quando invocada diariamente 20min, ela tem o poder de desfazer os nossos Karmas e alguns pela raiz. Tal como transmutar tudo o que seja negativo em n\u00f3s em positivo.<\/li>\n<li><em><strong>Ora\u00e7\u00e3o di\u00e1ria<\/strong><\/em> &#8211; Quando nos disponibilizamos para falar com o divino e essa ora\u00e7\u00e3o sai do cora\u00e7\u00e3o, a nossa conex\u00e3o e fortalecimento de f\u00e9 ficam mais fortes. Temos de disponibilizar uma hora para isso e faz\u00ea-lo de cora\u00e7\u00e3o diariamente e n\u00e3o quando a afli\u00e7\u00e3o aperta, porque a\u00ed j\u00e1 h\u00e1 todo um trabalho anterior para fazer. Por isso muitas das ora\u00e7\u00f5es n\u00e3o s\u00e3o ouvidas devido \u00e1 vibra\u00e7\u00e3o em que a fazemos. Vibra\u00e7\u00e3o de medo e m\u00e1goa n\u00e3o eleva a ora\u00e7\u00e3o.<\/li>\n<li><em><strong>Gratid\u00e3o<\/strong><\/em> &#8211; come\u00e7armos a agradecer ao acordar e deitar por tudo o que temos \u00e9 o m\u00ednimo que podemos fazer. &#8220;mas eu n\u00e3o tenho nada para agradecer, a minha vida est\u00e1 um caos.&#8221; Tem cama ? Tem casa? Tem \u00e1gua?<\/li>\n<li><em><strong>Mudan\u00e7a de padr\u00e3o de pensamentos<\/strong><\/em> &#8211; Nada f\u00e1cil de fazer mas poss\u00edvel. Mudar a maneira como pensamos exige todo um treino mental imenso. N\u00e3o \u00e9 f\u00e1cil deixar 30 ou mais anos de pensamentos para tr\u00e1s. Existem varias t\u00e9cnicas de Louise Hay, Osho, Deepak Chopra entre tantos outros que ajudam nisso. Deixar de pensar numa vibra\u00e7\u00e3o negativa e mudar para positivo.<\/li>\n<li><strong>Medita\u00e7\u00e3o de Purifica\u00e7\u00e3o Vajrasattva<\/strong> &#8211; Esta t\u00e9cnica aprendi num templo budista que est\u00e1 dispon\u00edvel a todos em Portugal. \u00c9 uma t\u00e9cnica bastante poderosa mas que exige perseveran\u00e7a. \u00c9 uma t\u00e9cnica que d\u00e1 imensas dores no corpo e algum cansa\u00e7o, devido ao trabalho espiritual que \u00e9 feito mas \u00e9 muito r\u00e1pido a ver resultado. N\u00e3o se esque\u00e7a que embora n\u00e3o veja, a n\u00edvel espiritual est\u00e1 a limpar imensas dividas e isso cansa. Pode aprender esta t\u00e9cnica em <a href=\"https:\/\/www.kadampa.pt\/\" target=\"_blank\" rel=\"noopener noreferrer\">https:\/\/www.kadampa.pt\/<\/a><\/li>\n<\/ul>\n<p>Estas s\u00e3o algumas t\u00e9cnicas que apliquei em mim e vi a mudan\u00e7a a acontecer. Exige trabalho e tempo? Sim e muito mas vale a pena quando nos encontramos outra vez e somos felizes.<\/p>\n<p>O Karma n\u00e3o \u00e9 mais que uma energia que tem de ser equilibrada pelo Universo. Se o encaramos como mau, \u00e9 assim que vai ser. Se o encaramos como bom e para o nosso crescimento, ele vai ser a catapulta de muitas coisas na nossa vida. S\u00f3 temos de mudar a perspectiva de olhar para o Karma e n\u00e3o achar que tudo \u00e9 sinal de que algo de ruim vai acontecer.<\/p>\n<p>Karma muitas vezes \u00e9 simplesmente enfrentar os nossos medos e enquanto isso n\u00e3o acontecer, eles v\u00e3o continuar l\u00e1 at\u00e9 o nosso guia achar que est\u00e1 na hora de mudar e nos coloca frente a frente com eles. Coisas t\u00e3o simples como falar em publico; enfrentar algu\u00e9m de fam\u00edlia que nos corta as pernas; aprender a viver sozinho; voltar a estudar para crescermos&#8230;. enfim todos temos medos. Nessa altura n\u00e3o podemos achar que somos uns coitadinhos. Estamos apenas a crescer e a abrir consci\u00eancia.<\/p>\n<p>Muda a maneira como vives. Muda a maneira como pensas e o Karma ser\u00e1 fluido na nossa vida.<\/p>\n<p>By C\u00e9lia de Jesus<\/p>\n<p>Terapeuta Holistica<\/p>\n","protected":false},"excerpt":{"rendered":"<p>&#8220;A minha vida est\u00e1 bloqueada porque o Karma que trago actualmente \u00e9 muito grande. Tudo d\u00e1 sempre errado.&#8221; Esta \u00e9 uma das coisas que mais oi\u00e7o quando estou em terapias. Errado \u00e9 n\u00f3s pensarmos que n\u00e3o podemos superar isso. \u00c9 mais f\u00e1cil colocar a culpa no Karma &#8220;imagin\u00e1rio&#8221; do que &hellip; <\/p>\n","protected":false},"author":1,"featured_media":224,"comment_status":"open","ping_status":"open","sticky":false,"template":"","format":"standard","meta":{"_monsterinsights_skip_tracking":false,"_monsterinsights_sitenote_active":false,"_monsterinsights_sitenote_note":"","_monsterinsights_sitenote_category":0,"footnotes":""},"categories":[1],"tags":[],"class_list":["post-223","post","type-post","status-publish","format-standard","has-post-thumbnail","hentry","category-uncategorized"],"yoast_head":"<!-- This site is optimized with the Yoast SEO plugin v27.4 - https:\/\/yoast.com\/product\/yoast-seo-wordpress\/ -->\n<title>Karma- Ser\u00e1 bom ou mau?<\/title>\n<meta name=\"robots\" content=\"index, follow, max-snippet:-1, max-image-preview:large, max-video-preview:-1\" \/>\n<link rel=\"canonical\" href=\"https:\/\/treenaturaterapias.com\/en\/karma-sera-bom-ou-mau\/\" \/>\n<meta property=\"og:locale\" content=\"en_US\" \/>\n<meta property=\"og:locale:alternate\" content=\"pt_PT\" \/>\n<meta property=\"og:locale:alternate\" content=\"fr_FR\" \/>\n<meta property=\"og:type\" content=\"article\" \/>\n<meta property=\"og:title\" content=\"Karma- Ser\u00e1 bom ou mau?\" \/>\n<meta property=\"og:description\" content=\"&#8220;A minha vida est\u00e1 bloqueada porque o Karma que trago actualmente \u00e9 muito grande. Tudo d\u00e1 sempre errado.&#8221; Esta \u00e9 uma das coisas que mais oi\u00e7o quando estou em terapias. Errado \u00e9 n\u00f3s pensarmos que n\u00e3o podemos superar isso. \u00c9 mais f\u00e1cil colocar a culpa no Karma &#8220;imagin\u00e1rio&#8221; do que &hellip;\" \/>\n<meta property=\"og:url\" content=\"https:\/\/treenaturaterapias.com\/en\/karma-sera-bom-ou-mau\/\" \/>\n<meta property=\"og:site_name\" content=\"Tree Natura Terapias\" \/>\n<meta property=\"article:published_time\" content=\"2017-02-12T10:50:04+00:00\" \/>\n<meta property=\"article:modified_time\" content=\"2019-03-13T10:36:20+00:00\" \/>\n<meta property=\"og:image\" content=\"https:\/\/treenaturaterapias.com\/wp-content\/uploads\/2017\/02\/tumblr_m8tatsze4m1qdolwqo1_500.jpg\" \/>\n\t<meta property=\"og:image:width\" content=\"450\" \/>\n\t<meta property=\"og:image:height\" content=\"338\" \/>\n\t<meta property=\"og:image:type\" content=\"image\/jpeg\" \/>\n<meta name=\"author\" content=\"C\u00e9lia de Jesus\" \/>\n<meta name=\"twitter:card\" content=\"summary_large_image\" \/>\n<meta name=\"twitter:label1\" content=\"Written by\" \/>\n\t<meta name=\"twitter:data1\" content=\"C\u00e9lia de Jesus\" \/>\n\t<meta name=\"twitter:label2\" content=\"Est. reading time\" \/>\n\t<meta name=\"twitter:data2\" content=\"6 minutes\" \/>\n<script type=\"application\/ld+json\" class=\"yoast-schema-graph\">{\"@context\":\"https:\\\/\\\/schema.org\",\"@graph\":[{\"@type\":\"Article\",\"@id\":\"https:\\\/\\\/treenaturaterapias.com\\\/karma-sera-bom-ou-mau\\\/#article\",\"isPartOf\":{\"@id\":\"https:\\\/\\\/treenaturaterapias.com\\\/karma-sera-bom-ou-mau\\\/\"},\"author\":{\"name\":\"C\u00e9lia de Jesus\",\"@id\":\"https:\\\/\\\/treenaturaterapias.com\\\/#\\\/schema\\\/person\\\/267944d8880bf51dd22b9803435d65c6\"},\"headline\":\"Karma- Ser\u00e1 bom ou mau?\",\"datePublished\":\"2017-02-12T10:50:04+00:00\",\"dateModified\":\"2019-03-13T10:36:20+00:00\",\"mainEntityOfPage\":{\"@id\":\"https:\\\/\\\/treenaturaterapias.com\\\/karma-sera-bom-ou-mau\\\/\"},\"wordCount\":1119,\"commentCount\":0,\"publisher\":{\"@id\":\"https:\\\/\\\/treenaturaterapias.com\\\/#\\\/schema\\\/person\\\/267944d8880bf51dd22b9803435d65c6\"},\"image\":{\"@id\":\"https:\\\/\\\/treenaturaterapias.com\\\/karma-sera-bom-ou-mau\\\/#primaryimage\"},\"thumbnailUrl\":\"https:\\\/\\\/treenaturaterapias.com\\\/wp-content\\\/uploads\\\/2017\\\/02\\\/tumblr_m8tatsze4m1qdolwqo1_500.jpg\",\"inLanguage\":\"en-US\",\"potentialAction\":[{\"@type\":\"CommentAction\",\"name\":\"Comment\",\"target\":[\"https:\\\/\\\/treenaturaterapias.com\\\/karma-sera-bom-ou-mau\\\/#respond\"]}]},{\"@type\":\"WebPage\",\"@id\":\"https:\\\/\\\/treenaturaterapias.com\\\/karma-sera-bom-ou-mau\\\/\",\"url\":\"https:\\\/\\\/treenaturaterapias.com\\\/karma-sera-bom-ou-mau\\\/\",\"name\":\"Karma- Ser\u00e1 bom ou mau?\",\"isPartOf\":{\"@id\":\"https:\\\/\\\/treenaturaterapias.com\\\/#website\"},\"primaryImageOfPage\":{\"@id\":\"https:\\\/\\\/treenaturaterapias.com\\\/karma-sera-bom-ou-mau\\\/#primaryimage\"},\"image\":{\"@id\":\"https:\\\/\\\/treenaturaterapias.com\\\/karma-sera-bom-ou-mau\\\/#primaryimage\"},\"thumbnailUrl\":\"https:\\\/\\\/treenaturaterapias.com\\\/wp-content\\\/uploads\\\/2017\\\/02\\\/tumblr_m8tatsze4m1qdolwqo1_500.jpg\",\"datePublished\":\"2017-02-12T10:50:04+00:00\",\"dateModified\":\"2019-03-13T10:36:20+00:00\",\"breadcrumb\":{\"@id\":\"https:\\\/\\\/treenaturaterapias.com\\\/karma-sera-bom-ou-mau\\\/#breadcrumb\"},\"inLanguage\":\"en-US\",\"potentialAction\":[{\"@type\":\"ReadAction\",\"target\":[\"https:\\\/\\\/treenaturaterapias.com\\\/karma-sera-bom-ou-mau\\\/\"]}]},{\"@type\":\"ImageObject\",\"inLanguage\":\"en-US\",\"@id\":\"https:\\\/\\\/treenaturaterapias.com\\\/karma-sera-bom-ou-mau\\\/#primaryimage\",\"url\":\"https:\\\/\\\/treenaturaterapias.com\\\/wp-content\\\/uploads\\\/2017\\\/02\\\/tumblr_m8tatsze4m1qdolwqo1_500.jpg\",\"contentUrl\":\"https:\\\/\\\/treenaturaterapias.com\\\/wp-content\\\/uploads\\\/2017\\\/02\\\/tumblr_m8tatsze4m1qdolwqo1_500.jpg\",\"width\":450,\"height\":338},{\"@type\":\"BreadcrumbList\",\"@id\":\"https:\\\/\\\/treenaturaterapias.com\\\/karma-sera-bom-ou-mau\\\/#breadcrumb\",\"itemListElement\":[{\"@type\":\"ListItem\",\"position\":1,\"name\":\"In\u00edcio\",\"item\":\"https:\\\/\\\/treenaturaterapias.com\\\/\"},{\"@type\":\"ListItem\",\"position\":2,\"name\":\"Karma- Ser\u00e1 bom ou mau?\"}]},{\"@type\":\"WebSite\",\"@id\":\"https:\\\/\\\/treenaturaterapias.com\\\/#website\",\"url\":\"https:\\\/\\\/treenaturaterapias.com\\\/\",\"name\":\"Tree Natura Terapias\",\"description\":\"Reconhecendo o Divino que habita em si\",\"publisher\":{\"@id\":\"https:\\\/\\\/treenaturaterapias.com\\\/#\\\/schema\\\/person\\\/267944d8880bf51dd22b9803435d65c6\"},\"potentialAction\":[{\"@type\":\"SearchAction\",\"target\":{\"@type\":\"EntryPoint\",\"urlTemplate\":\"https:\\\/\\\/treenaturaterapias.com\\\/?s={search_term_string}\"},\"query-input\":{\"@type\":\"PropertyValueSpecification\",\"valueRequired\":true,\"valueName\":\"search_term_string\"}}],\"inLanguage\":\"en-US\"},{\"@type\":[\"Person\",\"Organization\"],\"@id\":\"https:\\\/\\\/treenaturaterapias.com\\\/#\\\/schema\\\/person\\\/267944d8880bf51dd22b9803435d65c6\",\"name\":\"C\u00e9lia de Jesus\",\"image\":{\"@type\":\"ImageObject\",\"inLanguage\":\"en-US\",\"@id\":\"https:\\\/\\\/treenaturaterapias.com\\\/wp-content\\\/uploads\\\/2018\\\/09\\\/cropped-18901839_10154690353442194_1408032629_o.jpg\",\"url\":\"https:\\\/\\\/treenaturaterapias.com\\\/wp-content\\\/uploads\\\/2018\\\/09\\\/cropped-18901839_10154690353442194_1408032629_o.jpg\",\"contentUrl\":\"https:\\\/\\\/treenaturaterapias.com\\\/wp-content\\\/uploads\\\/2018\\\/09\\\/cropped-18901839_10154690353442194_1408032629_o.jpg\",\"width\":512,\"height\":512,\"caption\":\"C\u00e9lia de Jesus\"},\"logo\":{\"@id\":\"https:\\\/\\\/treenaturaterapias.com\\\/wp-content\\\/uploads\\\/2018\\\/09\\\/cropped-18901839_10154690353442194_1408032629_o.jpg\"},\"url\":\"https:\\\/\\\/treenaturaterapias.com\\\/en\\\/author\\\/pjnogueira\\\/\"}]}<\/script>\n<!-- \/ Yoast SEO plugin. -->","yoast_head_json":{"title":"Karma- Ser\u00e1 bom ou mau?","robots":{"index":"index","follow":"follow","max-snippet":"max-snippet:-1","max-image-preview":"max-image-preview:large","max-video-preview":"max-video-preview:-1"},"canonical":"https:\/\/treenaturaterapias.com\/en\/karma-sera-bom-ou-mau\/","og_locale":"en_US","og_type":"article","og_title":"[:pt]Karma- Ser\u00e1 bom ou mau?[:] - Tree Natura Terapias","og_description":"&#8220;A minha vida est\u00e1 bloqueada porque o Karma que trago actualmente \u00e9 muito grande. Tudo d\u00e1 sempre errado.&#8221; Esta \u00e9 uma das coisas que mais oi\u00e7o quando estou em terapias. Errado \u00e9 n\u00f3s pensarmos que n\u00e3o podemos superar isso. \u00c9 mais f\u00e1cil colocar a culpa no Karma &#8220;imagin\u00e1rio&#8221; do que &hellip;","og_url":"https:\/\/treenaturaterapias.com\/en\/karma-sera-bom-ou-mau\/","og_site_name":"Tree Natura Terapias","article_published_time":"2017-02-12T10:50:04+00:00","article_modified_time":"2019-03-13T10:36:20+00:00","og_image":[{"width":450,"height":338,"url":"https:\/\/treenaturaterapias.com\/wp-content\/uploads\/2017\/02\/tumblr_m8tatsze4m1qdolwqo1_500.jpg","type":"image\/jpeg"}],"author":"C\u00e9lia de Jesus","twitter_card":"summary_large_image","twitter_misc":{"Written by":"C\u00e9lia de Jesus","Est. reading time":"6 minutes"},"schema":{"@context":"https:\/\/schema.org","@graph":[{"@type":"Article","@id":"https:\/\/treenaturaterapias.com\/karma-sera-bom-ou-mau\/#article","isPartOf":{"@id":"https:\/\/treenaturaterapias.com\/karma-sera-bom-ou-mau\/"},"author":{"name":"C\u00e9lia de Jesus","@id":"https:\/\/treenaturaterapias.com\/#\/schema\/person\/267944d8880bf51dd22b9803435d65c6"},"headline":"Karma- Ser\u00e1 bom ou mau?","datePublished":"2017-02-12T10:50:04+00:00","dateModified":"2019-03-13T10:36:20+00:00","mainEntityOfPage":{"@id":"https:\/\/treenaturaterapias.com\/karma-sera-bom-ou-mau\/"},"wordCount":1119,"commentCount":0,"publisher":{"@id":"https:\/\/treenaturaterapias.com\/#\/schema\/person\/267944d8880bf51dd22b9803435d65c6"},"image":{"@id":"https:\/\/treenaturaterapias.com\/karma-sera-bom-ou-mau\/#primaryimage"},"thumbnailUrl":"https:\/\/treenaturaterapias.com\/wp-content\/uploads\/2017\/02\/tumblr_m8tatsze4m1qdolwqo1_500.jpg","inLanguage":"en-US","potentialAction":[{"@type":"CommentAction","name":"Comment","target":["https:\/\/treenaturaterapias.com\/karma-sera-bom-ou-mau\/#respond"]}]},{"@type":"WebPage","@id":"https:\/\/treenaturaterapias.com\/karma-sera-bom-ou-mau\/","url":"https:\/\/treenaturaterapias.com\/karma-sera-bom-ou-mau\/","name":"Karma- Ser\u00e1 bom ou mau?","isPartOf":{"@id":"https:\/\/treenaturaterapias.com\/#website"},"primaryImageOfPage":{"@id":"https:\/\/treenaturaterapias.com\/karma-sera-bom-ou-mau\/#primaryimage"},"image":{"@id":"https:\/\/treenaturaterapias.com\/karma-sera-bom-ou-mau\/#primaryimage"},"thumbnailUrl":"https:\/\/treenaturaterapias.com\/wp-content\/uploads\/2017\/02\/tumblr_m8tatsze4m1qdolwqo1_500.jpg","datePublished":"2017-02-12T10:50:04+00:00","dateModified":"2019-03-13T10:36:20+00:00","breadcrumb":{"@id":"https:\/\/treenaturaterapias.com\/karma-sera-bom-ou-mau\/#breadcrumb"},"inLanguage":"en-US","potentialAction":[{"@type":"ReadAction","target":["https:\/\/treenaturaterapias.com\/karma-sera-bom-ou-mau\/"]}]},{"@type":"ImageObject","inLanguage":"en-US","@id":"https:\/\/treenaturaterapias.com\/karma-sera-bom-ou-mau\/#primaryimage","url":"https:\/\/treenaturaterapias.com\/wp-content\/uploads\/2017\/02\/tumblr_m8tatsze4m1qdolwqo1_500.jpg","contentUrl":"https:\/\/treenaturaterapias.com\/wp-content\/uploads\/2017\/02\/tumblr_m8tatsze4m1qdolwqo1_500.jpg","width":450,"height":338},{"@type":"BreadcrumbList","@id":"https:\/\/treenaturaterapias.com\/karma-sera-bom-ou-mau\/#breadcrumb","itemListElement":[{"@type":"ListItem","position":1,"name":"In\u00edcio","item":"https:\/\/treenaturaterapias.com\/"},{"@type":"ListItem","position":2,"name":"Karma- Ser\u00e1 bom ou mau?"}]},{"@type":"WebSite","@id":"https:\/\/treenaturaterapias.com\/#website","url":"https:\/\/treenaturaterapias.com\/","name":"Tree Natura Terapias","description":"Reconhecendo o Divino que habita em si","publisher":{"@id":"https:\/\/treenaturaterapias.com\/#\/schema\/person\/267944d8880bf51dd22b9803435d65c6"},"potentialAction":[{"@type":"SearchAction","target":{"@type":"EntryPoint","urlTemplate":"https:\/\/treenaturaterapias.com\/?s={search_term_string}"},"query-input":{"@type":"PropertyValueSpecification","valueRequired":true,"valueName":"search_term_string"}}],"inLanguage":"en-US"},{"@type":["Person","Organization"],"@id":"https:\/\/treenaturaterapias.com\/#\/schema\/person\/267944d8880bf51dd22b9803435d65c6","name":"C\u00e9lia de Jesus","image":{"@type":"ImageObject","inLanguage":"en-US","@id":"https:\/\/treenaturaterapias.com\/wp-content\/uploads\/2018\/09\/cropped-18901839_10154690353442194_1408032629_o.jpg","url":"https:\/\/treenaturaterapias.com\/wp-content\/uploads\/2018\/09\/cropped-18901839_10154690353442194_1408032629_o.jpg","contentUrl":"https:\/\/treenaturaterapias.com\/wp-content\/uploads\/2018\/09\/cropped-18901839_10154690353442194_1408032629_o.jpg","width":512,"height":512,"caption":"C\u00e9lia de Jesus"},"logo":{"@id":"https:\/\/treenaturaterapias.com\/wp-content\/uploads\/2018\/09\/cropped-18901839_10154690353442194_1408032629_o.jpg"},"url":"https:\/\/treenaturaterapias.com\/en\/author\/pjnogueira\/"}]}},"_links":{"self":[{"href":"https:\/\/treenaturaterapias.com\/en\/wp-json\/wp\/v2\/posts\/223","targetHints":{"allow":["GET"]}}],"collection":[{"href":"https:\/\/treenaturaterapias.com\/en\/wp-json\/wp\/v2\/posts"}],"about":[{"href":"https:\/\/treenaturaterapias.com\/en\/wp-json\/wp\/v2\/types\/post"}],"author":[{"embeddable":true,"href":"https:\/\/treenaturaterapias.com\/en\/wp-json\/wp\/v2\/users\/1"}],"replies":[{"embeddable":true,"href":"https:\/\/treenaturaterapias.com\/en\/wp-json\/wp\/v2\/comments?post=223"}],"version-history":[{"count":0,"href":"https:\/\/treenaturaterapias.com\/en\/wp-json\/wp\/v2\/posts\/223\/revisions"}],"wp:featuredmedia":[{"embeddable":true,"href":"https:\/\/treenaturaterapias.com\/en\/wp-json\/wp\/v2\/media\/224"}],"wp:attachment":[{"href":"https:\/\/treenaturaterapias.com\/en\/wp-json\/wp\/v2\/media?parent=223"}],"wp:term":[{"taxonomy":"category","embeddable":true,"href":"https:\/\/treenaturaterapias.com\/en\/wp-json\/wp\/v2\/categories?post=223"},{"taxonomy":"post_tag","embeddable":true,"href":"https:\/\/treenaturaterapias.com\/en\/wp-json\/wp\/v2\/tags?post=223"}],"curies":[{"name":"wp","href":"https:\/\/api.w.org\/{rel}","templated":true}]}}