{"id":185,"date":"2016-10-20T06:49:39","date_gmt":"2016-10-20T06:49:39","guid":{"rendered":"https:\/\/treenaturaterapias.com\/?p=185"},"modified":"2018-11-29T20:58:42","modified_gmt":"2018-11-29T20:58:42","slug":"doenca-invisivel-o-ego","status":"publish","type":"post","link":"https:\/\/treenaturaterapias.com\/en\/doenca-invisivel-o-ego\/","title":{"rendered":"Doen\u00e7a Invis\u00edvel  &#8211; o Ego"},"content":{"rendered":"<p>Quando uma crian\u00e7a nasce, ela abre-se ao mundo. Ela n\u00e3o tem consci\u00eancia daquilo que \u00e9, apenas v\u00ea e sente \u00a0o exterior. Ela v\u00ea a m\u00e3e, sente os outros, observa a realidade mas em nenhum momento ela tem percep\u00e7\u00e3o do seu Eu. Isto tudo \u00e9 natural porque a crian\u00e7a nasce para fora, para o mundo e ent\u00e3o s\u00f3 tem consci\u00eancia do Outro, s\u00f3 ouve os outros, s\u00f3 sente os outros. Pouco a pouco vai tendo consci\u00eancia do seu corpo quando tem fome, quando se sente desconfort\u00e1vel ou quando quer carinho. \u00c9 nesta fase que come\u00e7a a constru\u00e7\u00e3o do ego. A m\u00e3e diz o quanto ela \u00e9 bonita, o quanto a adora e o quanto \u00e9 feliz por ela estar c\u00e1. O ego come\u00e7a a crescer \u00a0com amor, mas n\u00e3o \u00e9 nada mais que um reflexo de palavras e sentimentos que colocam logo desde nascen\u00e7a e que s\u00e3o acrescentados por outras pessoas que se v\u00e3o juntando a n\u00f3s. O mesmo acontece quando o reflexo \u00e9 contr\u00e1rio e h\u00e1 raiva, ningu\u00e9m aprecia a crian\u00e7a ou ningu\u00e9m lhe sorri e assim nasce um ego triste magoado e sentindo-se inferior e triste. Ainda assim \u00e9 um reflexo da sociedade. N\u00e3o \u00e9 o nosso verdadeiro eu, porque n\u00e3o nos \u00e9 dado oportunidade de nos conhecermos a n\u00e3o ser atrav\u00e9s de outros, pelo menos na inf\u00e2ncia.<\/p>\n<p>O ego \u00e9 a nossa personalidade, ou melhor, \u00e9 a personalidade que a sociedade criou em n\u00f3s. Tornando-nos marionetes uns dos outros, suprimindo as nossas necessidades e sentimentos e indo assim guardando tudo o que n\u00e3o faz sentido para as pessoas que nos rodeiam.<\/p>\n<p>\u00c9 criado assim um falso centro em n\u00f3s &#8211; o Ego, um centro que definimos como nossa personalidade e que em momento algum pode ser abalado. Um centro cheio de EGO\u00edsmo e verdades falsas em que os julgamentos aos outros s\u00e3o constantes, esquecendo-se que foram esses outros que criaram o nosso ego. O nosso verdadeiro centro existe, neste reside a Alma. E para a Alma s\u00f3 existe um, somos todos um. Todos iguais.<\/p>\n<p>Freud j\u00e1 dizia que O ego \u00e9 um pobre coitado, porque n\u00e3o \u00e9 nada. E a verdade \u00e9 que quando abalado ou magoado, o nosso ego sente-se perdido e a tend\u00eancia \u00e9 atacar, porque n\u00e3o \u00e9 nada. O ego n\u00e3o existe, porque n\u00e3o passa de pensamentos que foram induzidos em n\u00f3s. E onde est\u00e1 a nossa maneira de pensar? Onde est\u00e1 a nossa verdadeira ess\u00eancia?<\/p>\n<p>Essa come\u00e7amos a descobrir mais tarde, quando sentimos uma tristeza enorme e um vazio que nada nos satisfaz. Ent\u00e3o come\u00e7a a busca em que muitos se perdem pelo caminho atrav\u00e9s dos medicamentos e supostas depress\u00f5es e outros continuam a incessante busca de saber quem somos realmente.<\/p>\n<p>Nesta fase o Ego come\u00e7a novamente a manifestar-se \u00a0porque n\u00e3o quer perder o poder e ent\u00e3o arranja desculpas e grita contra tudo o que \u00e9 de diferente da sua realidade. Mais uma vez se perdem umas quantas Almas aqui.<\/p>\n<p>S\u00f3 os corajosos e aventureiros t\u00eam a for\u00e7a para enfrentar o Ego e destronar todos os julgamentos, pensamentos, dogmas , ideias e EGO\u00edsmo que foi criado durante anos. S\u00f3 os corajosos tem for\u00e7a para ver que a m\u00e1goa que sentimos n\u00e3o \u00e9 nossa, foi criado por outros. Ent\u00e3o os corajosos t\u00eam for\u00e7a para criar a sua ess\u00eancia, deixar vir ao de cima o seu amor, os seus sentimentos, sem preocupa\u00e7\u00f5es do que os outros pensam, porque afinal somos todos iguais. Todo este processo \u00e9 muito dif\u00edcil e pode demorar mais uns quantos anos. Somos apelidados de diferentes e estranhos, simplesmente porque decidimos ser diferentes e\u00a0 assumir-nos sem m\u00e1goas e cientes daquilo que estamos c\u00e1 a fazer neste planeta.<\/p>\n<p>Mas o melhor de tudo \u00e9 que Somos felizes, quando percebemos o sistema e como funciona, sem o nosso ego a dizer \u201c n\u00e3o \u00e9s capaz\u201d \u201c n\u00e3o foi isso que te ensinaram\u201d \u201cpara teres aten\u00e7\u00e3o tens de magoar algu\u00e9m\u201d \u201cmostrares amor e sentimentos \u00e9 burrice\u201d- quando passamos essa fase, somos felizes.<\/p>\n<p>J\u00e1 pensou o qu\u00e3o \u00e9 maravilhoso \u00e9 acordar todos os dias e sentir-se bem, sentir-se feliz e gratos por tudo o que o mundo lhe oferece. Quantas vezes agradecemos pelo que temos? Poucas com certeza, isto porque o Ego acha que nunca temos nada, que n\u00e3o merecemos nada e que somos uns pobres infelizes e por isso colocamos mais uns quantos \u00e1 nossa volta infelizes. \u00a0Acordar e agradecer nem que seja por ter cama, faz com que o Ego comece a dissipar-se e o Universo comece a conspirar a nosso favor.<\/p>\n<p>A maioria das nossas doen\u00e7as f\u00edsicas prov\u00eam do ego, quando n\u00e3o temos em conta a nossa vontade e andamos ao sabor do vento, quando a nossa realidade se torna a dos outros, quando n\u00e3o conseguimos relaxar nem ver a real realidade que nos rodeia. Quando isto acontece o nosso corpo come\u00e7a a criar defesas. Defesas essas que v\u00e3o contra \u00a0o ciclo natural hormonal corporal, criando assim doen\u00e7as f\u00edsicas como ansiedades, diabetes, tiroidismo, colesterol , etc, etc chegando ao ponto de cancros muitas \u00a0das vezes.<\/p>\n<p>Como terapeuta deparo-me com muitos Egos, pessoas n\u00e3o querem perder aquele emprego, aquela pessoa, a sua pr\u00f3pria POSI\u00c7\u00c3O. Esquecem-se que para alcan\u00e7ar a felicidade que tanto desejam t\u00eam largar muitas coisas a que est\u00e3o habituadas e que j\u00e1 n\u00e3o fazem falta. Mas o seu Ego fala mais alto e diz \u201cEU preciso disto, Eu sou isto \u201c. Quanto ego\u00edsmo sai destas Almas quando n\u00e3o h\u00e1 percep\u00e7\u00e3o da realidade e queremos apenas porque o nosso ego lhe apetece.<\/p>\n<p>O ego \u00e9 necess\u00e1rio para conseguirmos viver em sociedade e ter em conta certas regras que s\u00e3o precisas para conseguimos adaptar-nos. Mas n\u00e3o mais que isso.<\/p>\n<p>Existem v\u00e1rias terapias que ajudam a destronar o Ego como, <a href=\"https:\/\/treenaturaterapias.com\/conexao-ava\/\">Conex\u00e3o AVA<\/a>, <a href=\"https:\/\/treenaturaterapias.com\/cura-multidimensional-arcturiana\/\">Cura Multidimensional Arcturiana<\/a>, Cura Qu\u00e2ntica Estelar, <a href=\"https:\/\/treenaturaterapias.com\/terapia-multidimensional\/\">Terapia Multidimensional<\/a> e para os mais corajosos cerim\u00f3nias xam\u00e2nicas de Ayahuasca e <a href=\"https:\/\/treenaturaterapias.com\/iboga-retiro-em-portugal\/\" target=\"_blank\" rel=\"noopener\">Iboga<\/a>.<\/p>\n<p>Ou a identificar o Ego com <a href=\"https:\/\/treenaturaterapias.com\/a-leitura-de-aura\/\" target=\"_blank\" rel=\"noopener\">Leitura de aura<\/a>,<a href=\"https:\/\/treenaturaterapias.com\/leitura-de-registos-akashicos\/\" target=\"_blank\" rel=\"noopener\"> Leitura de registos Ak\u00e1shicos<\/a> e <a href=\"https:\/\/treenaturaterapias.com\/tarot\/\" target=\"_blank\" rel=\"noopener\">Tarot.<\/a><\/p>\n<p>Com certeza o seu Ego j\u00e1 se estar\u00e1 a manifestar devido ao que leu e aquilo em que acredita.<\/p>\n<p>Cabe a si descobrir se \u00e9 feliz com esse ego.<\/p>\n<p>O ego vai sempre manter-nos aprisionados, seja por v\u00edcios ( tabaco, drogas, jogo, pessoas, etc) ou seja por pensamentos.<\/p>\n<p>O nosso esp\u00edrito \u00e9 livre, a nossa Alma \u00e9 livre por isso \u00e9 t\u00e3o dif\u00edcil matar o Ego. \u00c9 doloroso livrarmo-nos do que nos mant\u00e9m presos.<\/p>\n<p>Ainda assim somos e seremos sempre livres, basta escolher.<\/p>\n<p>&nbsp;<\/p>\n<p>By C\u00e9lia de Jesus<\/p>\n","protected":false},"excerpt":{"rendered":"<p>Quando uma crian\u00e7a nasce, ela abre-se ao mundo. Ela n\u00e3o tem consci\u00eancia daquilo que \u00e9, apenas v\u00ea e sente \u00a0o exterior. Ela v\u00ea a m\u00e3e, sente os outros, observa a realidade mas em nenhum momento ela tem percep\u00e7\u00e3o do seu Eu. Isto tudo \u00e9 natural porque a crian\u00e7a nasce para &hellip; <\/p>\n","protected":false},"author":1,"featured_media":187,"comment_status":"open","ping_status":"open","sticky":false,"template":"","format":"standard","meta":{"_monsterinsights_skip_tracking":false,"_monsterinsights_sitenote_active":false,"_monsterinsights_sitenote_note":"","_monsterinsights_sitenote_category":0,"footnotes":""},"categories":[100,99,98,93,94,101],"tags":[],"class_list":["post-185","post","type-post","status-publish","format-standard","has-post-thumbnail","hentry","category-ayahauasca","category-conexao-ava","category-iboga","category-leitura-de-aura","category-leitura-de-registos-akashicos","category-tarot"],"yoast_head":"<!-- This site is optimized with the Yoast SEO plugin v27.4 - https:\/\/yoast.com\/product\/yoast-seo-wordpress\/ -->\n<title>Doen\u00e7a Invis\u00edvel - o Ego<\/title>\n<meta name=\"robots\" content=\"index, follow, max-snippet:-1, max-image-preview:large, max-video-preview:-1\" \/>\n<link rel=\"canonical\" href=\"https:\/\/treenaturaterapias.com\/en\/doenca-invisivel-o-ego\/\" \/>\n<meta property=\"og:locale\" content=\"en_US\" \/>\n<meta property=\"og:locale:alternate\" content=\"pt_PT\" \/>\n<meta property=\"og:locale:alternate\" content=\"fr_FR\" \/>\n<meta property=\"og:type\" content=\"article\" \/>\n<meta property=\"og:title\" content=\"Doen\u00e7a Invis\u00edvel - o Ego\" \/>\n<meta property=\"og:description\" content=\"Quando uma crian\u00e7a nasce, ela abre-se ao mundo. Ela n\u00e3o tem consci\u00eancia daquilo que \u00e9, apenas v\u00ea e sente \u00a0o exterior. Ela v\u00ea a m\u00e3e, sente os outros, observa a realidade mas em nenhum momento ela tem percep\u00e7\u00e3o do seu Eu. Isto tudo \u00e9 natural porque a crian\u00e7a nasce para &hellip;\" \/>\n<meta property=\"og:url\" content=\"https:\/\/treenaturaterapias.com\/en\/doenca-invisivel-o-ego\/\" \/>\n<meta property=\"og:site_name\" content=\"Tree Natura Terapias\" \/>\n<meta property=\"article:published_time\" content=\"2016-10-20T06:49:39+00:00\" \/>\n<meta property=\"article:modified_time\" content=\"2018-11-29T20:58:42+00:00\" \/>\n<meta property=\"og:image\" content=\"https:\/\/treenaturaterapias.com\/wp-content\/uploads\/2016\/10\/xiao-feng-lsd-1024x680.jpg\" \/>\n\t<meta property=\"og:image:width\" content=\"1024\" \/>\n\t<meta property=\"og:image:height\" content=\"680\" \/>\n\t<meta property=\"og:image:type\" content=\"image\/jpeg\" \/>\n<meta name=\"author\" content=\"C\u00e9lia de Jesus\" \/>\n<meta name=\"twitter:card\" content=\"summary_large_image\" \/>\n<meta name=\"twitter:label1\" content=\"Written by\" \/>\n\t<meta name=\"twitter:data1\" content=\"C\u00e9lia de Jesus\" \/>\n\t<meta name=\"twitter:label2\" content=\"Est. reading time\" \/>\n\t<meta name=\"twitter:data2\" content=\"6 minutes\" \/>\n<script type=\"application\/ld+json\" class=\"yoast-schema-graph\">{\"@context\":\"https:\\\/\\\/schema.org\",\"@graph\":[{\"@type\":\"Article\",\"@id\":\"https:\\\/\\\/treenaturaterapias.com\\\/en\\\/doenca-invisivel-o-ego\\\/#article\",\"isPartOf\":{\"@id\":\"https:\\\/\\\/treenaturaterapias.com\\\/en\\\/doenca-invisivel-o-ego\\\/\"},\"author\":{\"name\":\"C\u00e9lia de Jesus\",\"@id\":\"https:\\\/\\\/treenaturaterapias.com\\\/#\\\/schema\\\/person\\\/267944d8880bf51dd22b9803435d65c6\"},\"headline\":\"Doen\u00e7a Invis\u00edvel &#8211; o Ego\",\"datePublished\":\"2016-10-20T06:49:39+00:00\",\"dateModified\":\"2018-11-29T20:58:42+00:00\",\"mainEntityOfPage\":{\"@id\":\"https:\\\/\\\/treenaturaterapias.com\\\/en\\\/doenca-invisivel-o-ego\\\/\"},\"wordCount\":1141,\"commentCount\":0,\"publisher\":{\"@id\":\"https:\\\/\\\/treenaturaterapias.com\\\/#\\\/schema\\\/person\\\/267944d8880bf51dd22b9803435d65c6\"},\"image\":{\"@id\":\"https:\\\/\\\/treenaturaterapias.com\\\/en\\\/doenca-invisivel-o-ego\\\/#primaryimage\"},\"thumbnailUrl\":\"https:\\\/\\\/treenaturaterapias.com\\\/wp-content\\\/uploads\\\/2016\\\/10\\\/xiao-feng-lsd-1024x680.jpg\",\"articleSection\":[\"Ayahauasca\",\"Conex\u00e3o AVA\",\"Iboga\",\"Leitura de aura\",\"Leitura de Registos Ak\u00e1shicos\",\"Tarot\"],\"inLanguage\":\"en-US\",\"potentialAction\":[{\"@type\":\"CommentAction\",\"name\":\"Comment\",\"target\":[\"https:\\\/\\\/treenaturaterapias.com\\\/en\\\/doenca-invisivel-o-ego\\\/#respond\"]}]},{\"@type\":\"WebPage\",\"@id\":\"https:\\\/\\\/treenaturaterapias.com\\\/en\\\/doenca-invisivel-o-ego\\\/\",\"url\":\"https:\\\/\\\/treenaturaterapias.com\\\/en\\\/doenca-invisivel-o-ego\\\/\",\"name\":\"Doen\u00e7a Invis\u00edvel - o Ego\",\"isPartOf\":{\"@id\":\"https:\\\/\\\/treenaturaterapias.com\\\/#website\"},\"primaryImageOfPage\":{\"@id\":\"https:\\\/\\\/treenaturaterapias.com\\\/en\\\/doenca-invisivel-o-ego\\\/#primaryimage\"},\"image\":{\"@id\":\"https:\\\/\\\/treenaturaterapias.com\\\/en\\\/doenca-invisivel-o-ego\\\/#primaryimage\"},\"thumbnailUrl\":\"https:\\\/\\\/treenaturaterapias.com\\\/wp-content\\\/uploads\\\/2016\\\/10\\\/xiao-feng-lsd-1024x680.jpg\",\"datePublished\":\"2016-10-20T06:49:39+00:00\",\"dateModified\":\"2018-11-29T20:58:42+00:00\",\"breadcrumb\":{\"@id\":\"https:\\\/\\\/treenaturaterapias.com\\\/en\\\/doenca-invisivel-o-ego\\\/#breadcrumb\"},\"inLanguage\":\"en-US\",\"potentialAction\":[{\"@type\":\"ReadAction\",\"target\":[\"https:\\\/\\\/treenaturaterapias.com\\\/en\\\/doenca-invisivel-o-ego\\\/\"]}]},{\"@type\":\"ImageObject\",\"inLanguage\":\"en-US\",\"@id\":\"https:\\\/\\\/treenaturaterapias.com\\\/en\\\/doenca-invisivel-o-ego\\\/#primaryimage\",\"url\":\"https:\\\/\\\/treenaturaterapias.com\\\/wp-content\\\/uploads\\\/2016\\\/10\\\/xiao-feng-lsd-1024x680.jpg\",\"contentUrl\":\"https:\\\/\\\/treenaturaterapias.com\\\/wp-content\\\/uploads\\\/2016\\\/10\\\/xiao-feng-lsd-1024x680.jpg\",\"width\":1024,\"height\":680},{\"@type\":\"BreadcrumbList\",\"@id\":\"https:\\\/\\\/treenaturaterapias.com\\\/en\\\/doenca-invisivel-o-ego\\\/#breadcrumb\",\"itemListElement\":[{\"@type\":\"ListItem\",\"position\":1,\"name\":\"In\u00edcio\",\"item\":\"https:\\\/\\\/treenaturaterapias.com\\\/\"},{\"@type\":\"ListItem\",\"position\":2,\"name\":\"Doen\u00e7a Invis\u00edvel &#8211; o Ego\"}]},{\"@type\":\"WebSite\",\"@id\":\"https:\\\/\\\/treenaturaterapias.com\\\/#website\",\"url\":\"https:\\\/\\\/treenaturaterapias.com\\\/\",\"name\":\"Tree Natura Terapias\",\"description\":\"Reconhecendo o Divino que habita em si\",\"publisher\":{\"@id\":\"https:\\\/\\\/treenaturaterapias.com\\\/#\\\/schema\\\/person\\\/267944d8880bf51dd22b9803435d65c6\"},\"potentialAction\":[{\"@type\":\"SearchAction\",\"target\":{\"@type\":\"EntryPoint\",\"urlTemplate\":\"https:\\\/\\\/treenaturaterapias.com\\\/?s={search_term_string}\"},\"query-input\":{\"@type\":\"PropertyValueSpecification\",\"valueRequired\":true,\"valueName\":\"search_term_string\"}}],\"inLanguage\":\"en-US\"},{\"@type\":[\"Person\",\"Organization\"],\"@id\":\"https:\\\/\\\/treenaturaterapias.com\\\/#\\\/schema\\\/person\\\/267944d8880bf51dd22b9803435d65c6\",\"name\":\"C\u00e9lia de Jesus\",\"image\":{\"@type\":\"ImageObject\",\"inLanguage\":\"en-US\",\"@id\":\"https:\\\/\\\/treenaturaterapias.com\\\/wp-content\\\/uploads\\\/2018\\\/09\\\/cropped-18901839_10154690353442194_1408032629_o.jpg\",\"url\":\"https:\\\/\\\/treenaturaterapias.com\\\/wp-content\\\/uploads\\\/2018\\\/09\\\/cropped-18901839_10154690353442194_1408032629_o.jpg\",\"contentUrl\":\"https:\\\/\\\/treenaturaterapias.com\\\/wp-content\\\/uploads\\\/2018\\\/09\\\/cropped-18901839_10154690353442194_1408032629_o.jpg\",\"width\":512,\"height\":512,\"caption\":\"C\u00e9lia de Jesus\"},\"logo\":{\"@id\":\"https:\\\/\\\/treenaturaterapias.com\\\/wp-content\\\/uploads\\\/2018\\\/09\\\/cropped-18901839_10154690353442194_1408032629_o.jpg\"},\"url\":\"https:\\\/\\\/treenaturaterapias.com\\\/en\\\/author\\\/pjnogueira\\\/\"}]}<\/script>\n<!-- \/ Yoast SEO plugin. -->","yoast_head_json":{"title":"Doen\u00e7a Invis\u00edvel - o Ego","robots":{"index":"index","follow":"follow","max-snippet":"max-snippet:-1","max-image-preview":"max-image-preview:large","max-video-preview":"max-video-preview:-1"},"canonical":"https:\/\/treenaturaterapias.com\/en\/doenca-invisivel-o-ego\/","og_locale":"en_US","og_type":"article","og_title":"[:pt]Doen\u00e7a Invis\u00edvel - o Ego[:] - Tree Natura Terapias","og_description":"Quando uma crian\u00e7a nasce, ela abre-se ao mundo. Ela n\u00e3o tem consci\u00eancia daquilo que \u00e9, apenas v\u00ea e sente \u00a0o exterior. Ela v\u00ea a m\u00e3e, sente os outros, observa a realidade mas em nenhum momento ela tem percep\u00e7\u00e3o do seu Eu. Isto tudo \u00e9 natural porque a crian\u00e7a nasce para &hellip;","og_url":"https:\/\/treenaturaterapias.com\/en\/doenca-invisivel-o-ego\/","og_site_name":"Tree Natura Terapias","article_published_time":"2016-10-20T06:49:39+00:00","article_modified_time":"2018-11-29T20:58:42+00:00","og_image":[{"width":1024,"height":680,"url":"https:\/\/treenaturaterapias.com\/wp-content\/uploads\/2016\/10\/xiao-feng-lsd-1024x680.jpg","type":"image\/jpeg"}],"author":"C\u00e9lia de Jesus","twitter_card":"summary_large_image","twitter_misc":{"Written by":"C\u00e9lia de Jesus","Est. reading time":"6 minutes"},"schema":{"@context":"https:\/\/schema.org","@graph":[{"@type":"Article","@id":"https:\/\/treenaturaterapias.com\/en\/doenca-invisivel-o-ego\/#article","isPartOf":{"@id":"https:\/\/treenaturaterapias.com\/en\/doenca-invisivel-o-ego\/"},"author":{"name":"C\u00e9lia de Jesus","@id":"https:\/\/treenaturaterapias.com\/#\/schema\/person\/267944d8880bf51dd22b9803435d65c6"},"headline":"Doen\u00e7a Invis\u00edvel &#8211; o Ego","datePublished":"2016-10-20T06:49:39+00:00","dateModified":"2018-11-29T20:58:42+00:00","mainEntityOfPage":{"@id":"https:\/\/treenaturaterapias.com\/en\/doenca-invisivel-o-ego\/"},"wordCount":1141,"commentCount":0,"publisher":{"@id":"https:\/\/treenaturaterapias.com\/#\/schema\/person\/267944d8880bf51dd22b9803435d65c6"},"image":{"@id":"https:\/\/treenaturaterapias.com\/en\/doenca-invisivel-o-ego\/#primaryimage"},"thumbnailUrl":"https:\/\/treenaturaterapias.com\/wp-content\/uploads\/2016\/10\/xiao-feng-lsd-1024x680.jpg","articleSection":["Ayahauasca","Conex\u00e3o AVA","Iboga","Leitura de aura","Leitura de Registos Ak\u00e1shicos","Tarot"],"inLanguage":"en-US","potentialAction":[{"@type":"CommentAction","name":"Comment","target":["https:\/\/treenaturaterapias.com\/en\/doenca-invisivel-o-ego\/#respond"]}]},{"@type":"WebPage","@id":"https:\/\/treenaturaterapias.com\/en\/doenca-invisivel-o-ego\/","url":"https:\/\/treenaturaterapias.com\/en\/doenca-invisivel-o-ego\/","name":"Doen\u00e7a Invis\u00edvel - o Ego","isPartOf":{"@id":"https:\/\/treenaturaterapias.com\/#website"},"primaryImageOfPage":{"@id":"https:\/\/treenaturaterapias.com\/en\/doenca-invisivel-o-ego\/#primaryimage"},"image":{"@id":"https:\/\/treenaturaterapias.com\/en\/doenca-invisivel-o-ego\/#primaryimage"},"thumbnailUrl":"https:\/\/treenaturaterapias.com\/wp-content\/uploads\/2016\/10\/xiao-feng-lsd-1024x680.jpg","datePublished":"2016-10-20T06:49:39+00:00","dateModified":"2018-11-29T20:58:42+00:00","breadcrumb":{"@id":"https:\/\/treenaturaterapias.com\/en\/doenca-invisivel-o-ego\/#breadcrumb"},"inLanguage":"en-US","potentialAction":[{"@type":"ReadAction","target":["https:\/\/treenaturaterapias.com\/en\/doenca-invisivel-o-ego\/"]}]},{"@type":"ImageObject","inLanguage":"en-US","@id":"https:\/\/treenaturaterapias.com\/en\/doenca-invisivel-o-ego\/#primaryimage","url":"https:\/\/treenaturaterapias.com\/wp-content\/uploads\/2016\/10\/xiao-feng-lsd-1024x680.jpg","contentUrl":"https:\/\/treenaturaterapias.com\/wp-content\/uploads\/2016\/10\/xiao-feng-lsd-1024x680.jpg","width":1024,"height":680},{"@type":"BreadcrumbList","@id":"https:\/\/treenaturaterapias.com\/en\/doenca-invisivel-o-ego\/#breadcrumb","itemListElement":[{"@type":"ListItem","position":1,"name":"In\u00edcio","item":"https:\/\/treenaturaterapias.com\/"},{"@type":"ListItem","position":2,"name":"Doen\u00e7a Invis\u00edvel &#8211; o Ego"}]},{"@type":"WebSite","@id":"https:\/\/treenaturaterapias.com\/#website","url":"https:\/\/treenaturaterapias.com\/","name":"Tree Natura Terapias","description":"Reconhecendo o Divino que habita em si","publisher":{"@id":"https:\/\/treenaturaterapias.com\/#\/schema\/person\/267944d8880bf51dd22b9803435d65c6"},"potentialAction":[{"@type":"SearchAction","target":{"@type":"EntryPoint","urlTemplate":"https:\/\/treenaturaterapias.com\/?s={search_term_string}"},"query-input":{"@type":"PropertyValueSpecification","valueRequired":true,"valueName":"search_term_string"}}],"inLanguage":"en-US"},{"@type":["Person","Organization"],"@id":"https:\/\/treenaturaterapias.com\/#\/schema\/person\/267944d8880bf51dd22b9803435d65c6","name":"C\u00e9lia de Jesus","image":{"@type":"ImageObject","inLanguage":"en-US","@id":"https:\/\/treenaturaterapias.com\/wp-content\/uploads\/2018\/09\/cropped-18901839_10154690353442194_1408032629_o.jpg","url":"https:\/\/treenaturaterapias.com\/wp-content\/uploads\/2018\/09\/cropped-18901839_10154690353442194_1408032629_o.jpg","contentUrl":"https:\/\/treenaturaterapias.com\/wp-content\/uploads\/2018\/09\/cropped-18901839_10154690353442194_1408032629_o.jpg","width":512,"height":512,"caption":"C\u00e9lia de Jesus"},"logo":{"@id":"https:\/\/treenaturaterapias.com\/wp-content\/uploads\/2018\/09\/cropped-18901839_10154690353442194_1408032629_o.jpg"},"url":"https:\/\/treenaturaterapias.com\/en\/author\/pjnogueira\/"}]}},"_links":{"self":[{"href":"https:\/\/treenaturaterapias.com\/en\/wp-json\/wp\/v2\/posts\/185","targetHints":{"allow":["GET"]}}],"collection":[{"href":"https:\/\/treenaturaterapias.com\/en\/wp-json\/wp\/v2\/posts"}],"about":[{"href":"https:\/\/treenaturaterapias.com\/en\/wp-json\/wp\/v2\/types\/post"}],"author":[{"embeddable":true,"href":"https:\/\/treenaturaterapias.com\/en\/wp-json\/wp\/v2\/users\/1"}],"replies":[{"embeddable":true,"href":"https:\/\/treenaturaterapias.com\/en\/wp-json\/wp\/v2\/comments?post=185"}],"version-history":[{"count":0,"href":"https:\/\/treenaturaterapias.com\/en\/wp-json\/wp\/v2\/posts\/185\/revisions"}],"wp:featuredmedia":[{"embeddable":true,"href":"https:\/\/treenaturaterapias.com\/en\/wp-json\/wp\/v2\/media\/187"}],"wp:attachment":[{"href":"https:\/\/treenaturaterapias.com\/en\/wp-json\/wp\/v2\/media?parent=185"}],"wp:term":[{"taxonomy":"category","embeddable":true,"href":"https:\/\/treenaturaterapias.com\/en\/wp-json\/wp\/v2\/categories?post=185"},{"taxonomy":"post_tag","embeddable":true,"href":"https:\/\/treenaturaterapias.com\/en\/wp-json\/wp\/v2\/tags?post=185"}],"curies":[{"name":"wp","href":"https:\/\/api.w.org\/{rel}","templated":true}]}}